{"id":939,"date":"2012-12-19T21:50:08","date_gmt":"2012-12-19T21:50:08","guid":{"rendered":"http:\/\/wioskisos.org\/MWM\/?p=939"},"modified":"2012-12-19T21:50:08","modified_gmt":"2012-12-19T21:50:08","slug":"swiatecznie","status":"publish","type":"post","link":"https:\/\/wioskisos.org\/MWM\/?p=939","title":{"rendered":"\u015bwi\u0105tecznie"},"content":{"rendered":"<p><a href=\"http:\/\/wioskisos.org\/MWM\/wp-content\/uploads\/2012\/12\/DSC09020.jpg\"><img loading=\"lazy\" decoding=\"async\" class=\"aligncenter size-medium wp-image-931\" src=\"http:\/\/wioskisos.org\/MWM\/wp-content\/uploads\/2012\/12\/DSC09020-168x300.jpg\" alt=\"\" width=\"168\" height=\"300\" srcset=\"https:\/\/wioskisos.org\/MWM\/wp-content\/uploads\/2012\/12\/DSC09020-168x300.jpg 168w, https:\/\/wioskisos.org\/MWM\/wp-content\/uploads\/2012\/12\/DSC09020.jpg 269w\" sizes=\"(max-width: 168px) 100vw, 168px\" \/><\/a>Po pierwsze: odwiedzili nas liceali\u015bci koszali\u0144scy z II LO, kt\u00f3rzy postanowili w ramach \u015bwi\u0105tecznej \u017ccyczliwo\u015bci i otwarto\u015bci przygotowa\u0107 prezenty dla MWM &#8211; M\u0142odzi &#8211; M\u0142odym \ud83d\ude42<\/p>\n<p><a href=\"http:\/\/wioskisos.org\/MWM\/wp-content\/uploads\/2012\/12\/DSC09024.jpg\"><img loading=\"lazy\" decoding=\"async\" class=\"aligncenter size-medium wp-image-932\" title=\"DSC09024\" src=\"http:\/\/wioskisos.org\/MWM\/wp-content\/uploads\/2012\/12\/DSC09024-168x300.jpg\" alt=\"\" width=\"168\" height=\"300\" srcset=\"https:\/\/wioskisos.org\/MWM\/wp-content\/uploads\/2012\/12\/DSC09024-168x300.jpg 168w, https:\/\/wioskisos.org\/MWM\/wp-content\/uploads\/2012\/12\/DSC09024.jpg 269w\" sizes=\"(max-width: 168px) 100vw, 168px\" \/><\/a>Do z\u0142o\u017cenia oficjalnych podzi\u0119kowa\u0144 wydelegowany zosta\u0142 Karol &#8211; nasz student, kt\u00f3ry oczywi\u015bcie zosta\u0142 zaproszony na sptkanie wigilijne we Wsp\u00f3lnocie.<\/p>\n<p><a href=\"http:\/\/wioskisos.org\/MWM\/wp-content\/uploads\/2012\/12\/DSC09035.jpg\"><img loading=\"lazy\" decoding=\"async\" class=\"aligncenter size-medium wp-image-933\" src=\"http:\/\/wioskisos.org\/MWM\/wp-content\/uploads\/2012\/12\/DSC09035-168x300.jpg\" alt=\"\" width=\"168\" height=\"300\" srcset=\"https:\/\/wioskisos.org\/MWM\/wp-content\/uploads\/2012\/12\/DSC09035-168x300.jpg 168w, https:\/\/wioskisos.org\/MWM\/wp-content\/uploads\/2012\/12\/DSC09035.jpg 269w\" sizes=\"(max-width: 168px) 100vw, 168px\" \/><\/a>Choineczka obwieszona by\u0142a dodatkowo listami od wychowawc\u00f3w do m\u0142odzie\u017cy &#8211; wzbudzi\u0142y sporo emocji&#8230;<\/p>\n<p><a href=\"http:\/\/wioskisos.org\/MWM\/wp-content\/uploads\/2012\/12\/DSC09047.jpg\"><img loading=\"lazy\" decoding=\"async\" class=\"aligncenter size-medium wp-image-935\" src=\"http:\/\/wioskisos.org\/MWM\/wp-content\/uploads\/2012\/12\/DSC09047-168x300.jpg\" alt=\"\" width=\"168\" height=\"300\" srcset=\"https:\/\/wioskisos.org\/MWM\/wp-content\/uploads\/2012\/12\/DSC09047-168x300.jpg 168w, https:\/\/wioskisos.org\/MWM\/wp-content\/uploads\/2012\/12\/DSC09047.jpg 269w\" sizes=\"(max-width: 168px) 100vw, 168px\" \/><\/a>Demi zgrabnie skrada\u0142a si\u0119 pod sto\u0142em, bo na stole&#8230;<\/p>\n<p><a href=\"http:\/\/wioskisos.org\/MWM\/wp-content\/uploads\/2012\/12\/DSC09036.jpg\"><img loading=\"lazy\" decoding=\"async\" class=\"aligncenter size-medium wp-image-941\" src=\"http:\/\/wioskisos.org\/MWM\/wp-content\/uploads\/2012\/12\/DSC09036-168x300.jpg\" alt=\"\" width=\"168\" height=\"300\" srcset=\"https:\/\/wioskisos.org\/MWM\/wp-content\/uploads\/2012\/12\/DSC09036-168x300.jpg 168w, https:\/\/wioskisos.org\/MWM\/wp-content\/uploads\/2012\/12\/DSC09036.jpg 269w\" sizes=\"(max-width: 168px) 100vw, 168px\" \/><\/a>&#8230;same pyszno\u015bci przygotowane przez wszystkich mieszka\u0144c\u00f3w Wsp\u00f3lnoty&#8230;<\/p>\n<p><a href=\"http:\/\/wioskisos.org\/MWM\/wp-content\/uploads\/2012\/12\/DSC09061.jpg\"><img loading=\"lazy\" decoding=\"async\" class=\"aligncenter size-medium wp-image-937\" src=\"http:\/\/wioskisos.org\/MWM\/wp-content\/uploads\/2012\/12\/DSC09061-300x167.jpg\" alt=\"\" width=\"300\" height=\"167\" srcset=\"https:\/\/wioskisos.org\/MWM\/wp-content\/uploads\/2012\/12\/DSC09061-300x167.jpg 300w, https:\/\/wioskisos.org\/MWM\/wp-content\/uploads\/2012\/12\/DSC09061.jpg 640w\" sizes=\"(max-width: 300px) 100vw, 300px\" \/><\/a>Ch\u0142opcy zaprezentowali hiphopowy kawa\u0142ek na temat MWM a pani Alicja sw\u00f3j wiersz tak\u017ce o Wsp\u00f3lnocie z nutk\u0105 \u015bwi\u0105teczn\u0105, kt\u00f3ra tak\u017ce pojawi\u0142a si\u0119 w od\u015bpiewanej piosence Natalii Kukulskiej &#8211; w tym miejscu r\u00f3wnie\u017c sporo wzrusze\u0144&#8230;<\/p>\n<p><a href=\"http:\/\/wioskisos.org\/MWM\/wp-content\/uploads\/2012\/12\/DSC09064.jpg\"><img loading=\"lazy\" decoding=\"async\" class=\"aligncenter size-medium wp-image-938\" src=\"http:\/\/wioskisos.org\/MWM\/wp-content\/uploads\/2012\/12\/DSC09064-300x167.jpg\" alt=\"\" width=\"300\" height=\"167\" srcset=\"https:\/\/wioskisos.org\/MWM\/wp-content\/uploads\/2012\/12\/DSC09064-300x167.jpg 300w, https:\/\/wioskisos.org\/MWM\/wp-content\/uploads\/2012\/12\/DSC09064.jpg 640w\" sizes=\"(max-width: 300px) 100vw, 300px\" \/><\/a><\/p>\n\n\t\t\t\t<div class=\"mr_social_sharing_wrapper\">\n\t\t\t\t<!-- Social Sharing Toolkit v2.2 --><span class=\"mr_social_sharing\"><span style=\"display: inline-block; width: 51px; height: 21px; overflow: hidden;\"><div class=\"fb-like\" data-href=\"https:\/\/wioskisos.org\/MWM\/?p=939\" data-send=\"false\" data-width=\"51\" data-show-faces=\"false\"><\/div><\/span><\/span><span class=\"mr_social_sharing\"><div class=\"fb-send\" data-href=\"https:\/\/wioskisos.org\/MWM\/?p=939\"><\/div><\/span><span class=\"mr_social_sharing\"><div class=\"g-plusone\" data-size=\"medium\" data-annotation=\"none\" data-href=\"https:\/\/wioskisos.org\/MWM\/?p=939\"><\/div><\/span><span class=\"mr_social_sharing\"><a href=\"mailto:?subject=\u015bwi\u0105tecznie&amp;body=https:\/\/wioskisos.org\/MWM\/?p=939\" target=\"_blank\"><img decoding=\"async\" src=\"https:\/\/wioskisos.org\/MWM\/wp-content\/plugins\/social-sharing-toolkit\/images\/buttons\/email.png\" class=\"nopin\" alt=\"Share via email\" title=\"Share via email\"\/><\/a><\/span><span class=\"mr_social_sharing\"><a class=\"linksalpha_button linksalpha_link\" href=\"\/\/www.linksalpha.com\/social\/mobile\" data-url=\"https:\/\/wioskisos.org\/MWM\/?p=939\" data-text=\"\u015bwi\u0105tecznie\" data-desc=\"Po pierwsze: odwiedzili nas liceali\u015bci koszali\u0144scy z II LO, kt\u00f3rzy postanowili w ramach \u015bwi\u0105tecznej \u017ccyczliwo\u015bci i otwarto\u015bci przygotowa\u0107 prezenty dla MWM - M\u0142odzi - M\u0142odym :) Do z\u0142o\u017cenia oficjalnych podzi\u0119kowa\u0144 wydelegowany zosta\u0142 Karol - nasz student, kt\u00f3ry oczywi\u015bcie zosta\u0142\" data-image=\"http:\/\/wioskisos.org\/MWM\/wp-content\/uploads\/2012\/12\/DSC09020-168x300.jpg\" data-button=\"\">\n\t\t\t\t\t<img decoding=\"async\" src=\"\/\/www.linksalpha.com\/images\/social_share_button.png\" alt=\"Share\" class=\"linksalpha_image\" \/>\n\t\t\t\t\t<\/a><script type=\"text\/javascript\" src=\"\/\/www.linksalpha.com\/social\/loader_iconbox?link=https%3A%2F%2Fwioskisos.org%2FMWM%2F%3Fp%3D939&id=874817240\"><\/script><\/span><\/div>","protected":false},"excerpt":{"rendered":"<p>Po pierwsze: odwiedzili nas liceali\u015bci koszali\u0144scy z II LO, kt\u00f3rzy postanowili w ramach \u015bwi\u0105tecznej \u017ccyczliwo\u015bci i otwarto\u015bci przygotowa\u0107 prezenty dla MWM &#8211; M\u0142odzi &#8211; M\u0142odym \ud83d\ude42 Do z\u0142o\u017cenia oficjalnych podzi\u0119kowa\u0144 wydelegowany zosta\u0142 Karol &#8211; nasz student, kt\u00f3ry oczywi\u015bcie zosta\u0142 zaproszony na sptkanie wigilijne we Wsp\u00f3lnocie. Choineczka obwieszona by\u0142a dodatkowo listami od wychowawc\u00f3w do m\u0142odzie\u017cy &#8211; [&hellip;]<\/p>\n\n\t\t\t\t<div class=\"mr_social_sharing_wrapper\">\n\t\t\t\t<!-- Social Sharing Toolkit v2.2 --><span class=\"mr_social_sharing\"><span style=\"display: inline-block; width: 51px; height: 21px; overflow: hidden;\"><div class=\"fb-like\" data-href=\"https:\/\/wioskisos.org\/MWM\/?p=939\" data-send=\"false\" data-width=\"51\" data-show-faces=\"false\"><\/div><\/span><\/span><span class=\"mr_social_sharing\"><div class=\"fb-send\" data-href=\"https:\/\/wioskisos.org\/MWM\/?p=939\"><\/div><\/span><span class=\"mr_social_sharing\"><div class=\"g-plusone\" data-size=\"medium\" data-annotation=\"none\" data-href=\"https:\/\/wioskisos.org\/MWM\/?p=939\"><\/div><\/span><span class=\"mr_social_sharing\"><a href=\"mailto:?subject=\u015bwi\u0105tecznie&amp;body=https:\/\/wioskisos.org\/MWM\/?p=939\" target=\"_blank\"><img decoding=\"async\" src=\"https:\/\/wioskisos.org\/MWM\/wp-content\/plugins\/social-sharing-toolkit\/images\/buttons\/email.png\" class=\"nopin\" alt=\"Share via email\" title=\"Share via email\"\/><\/a><\/span><span class=\"mr_social_sharing\"><a class=\"linksalpha_button linksalpha_link\" href=\"\/\/www.linksalpha.com\/social\/mobile\" data-url=\"https:\/\/wioskisos.org\/MWM\/?p=939\" data-text=\"\u015bwi\u0105tecznie\" data-desc=\"Po pierwsze: odwiedzili nas liceali\u015bci koszali\u0144scy z II LO, kt\u00f3rzy postanowili w ramach \u015bwi\u0105tecznej \u017ccyczliwo\u015bci i otwarto\u015bci przygotowa\u0107 prezenty dla MWM - M\u0142odzi - M\u0142odym :) Do z\u0142o\u017cenia oficjalnych podzi\u0119kowa\u0144 wydelegowany zosta\u0142 Karol - nasz student, kt\u00f3ry oczywi\u015bcie zosta\u0142\" data-image=\"\" data-button=\"\">\n\t\t\t\t\t<img decoding=\"async\" src=\"\/\/www.linksalpha.com\/images\/social_share_button.png\" alt=\"Share\" class=\"linksalpha_image\" \/>\n\t\t\t\t\t<\/a><script type=\"text\/javascript\" src=\"\/\/www.linksalpha.com\/social\/loader_iconbox?link=https%3A%2F%2Fwioskisos.org%2FMWM%2F%3Fp%3D939&id=395996317\"><\/script><\/span><\/div>","protected":false},"author":2,"featured_media":0,"comment_status":"open","ping_status":"open","sticky":false,"template":"","format":"standard","meta":{"footnotes":""},"categories":[1],"tags":[],"_links":{"self":[{"href":"https:\/\/wioskisos.org\/MWM\/index.php?rest_route=\/wp\/v2\/posts\/939"}],"collection":[{"href":"https:\/\/wioskisos.org\/MWM\/index.php?rest_route=\/wp\/v2\/posts"}],"about":[{"href":"https:\/\/wioskisos.org\/MWM\/index.php?rest_route=\/wp\/v2\/types\/post"}],"author":[{"embeddable":true,"href":"https:\/\/wioskisos.org\/MWM\/index.php?rest_route=\/wp\/v2\/users\/2"}],"replies":[{"embeddable":true,"href":"https:\/\/wioskisos.org\/MWM\/index.php?rest_route=%2Fwp%2Fv2%2Fcomments&post=939"}],"version-history":[{"count":2,"href":"https:\/\/wioskisos.org\/MWM\/index.php?rest_route=\/wp\/v2\/posts\/939\/revisions"}],"predecessor-version":[{"id":942,"href":"https:\/\/wioskisos.org\/MWM\/index.php?rest_route=\/wp\/v2\/posts\/939\/revisions\/942"}],"wp:attachment":[{"href":"https:\/\/wioskisos.org\/MWM\/index.php?rest_route=%2Fwp%2Fv2%2Fmedia&parent=939"}],"wp:term":[{"taxonomy":"category","embeddable":true,"href":"https:\/\/wioskisos.org\/MWM\/index.php?rest_route=%2Fwp%2Fv2%2Fcategories&post=939"},{"taxonomy":"post_tag","embeddable":true,"href":"https:\/\/wioskisos.org\/MWM\/index.php?rest_route=%2Fwp%2Fv2%2Ftags&post=939"}],"curies":[{"name":"wp","href":"https:\/\/api.w.org\/{rel}","templated":true}]}}