{"id":157,"date":"2012-03-29T21:29:05","date_gmt":"2012-03-29T21:29:05","guid":{"rendered":"http:\/\/wioskisos.org\/MWM\/?p=157"},"modified":"2012-03-29T21:29:05","modified_gmt":"2012-03-29T21:29:05","slug":"o-blogu-na-blogu","status":"publish","type":"post","link":"https:\/\/wioskisos.org\/MWM\/?p=157","title":{"rendered":"o blogu na blogu"},"content":{"rendered":"<p>Dziennikarka radiowa Katarzyna Ku\u017cel zaprosi\u0142a do studia Radio Koszalin na kr\u00f3tk\u0105 rozmow\u0119 na temat prowadzonego bloga MWM.<\/p>\n<p>Oto i ona:<\/p>\n<p><a href=\"http:\/\/wioskisos.org\/MWM\/wp-content\/uploads\/2012\/03\/27_3-blog-m\u0142odych1.mp3\"> blog m\u0142odych<\/a><\/p>\n\n\t\t\t\t<div class=\"mr_social_sharing_wrapper\">\n\t\t\t\t<!-- Social Sharing Toolkit v2.2 --><span class=\"mr_social_sharing\"><span style=\"display: inline-block; width: 51px; height: 21px; overflow: hidden;\"><div class=\"fb-like\" data-href=\"https:\/\/wioskisos.org\/MWM\/?p=157\" data-send=\"false\" data-width=\"51\" data-show-faces=\"false\"><\/div><\/span><\/span><span class=\"mr_social_sharing\"><div class=\"fb-send\" data-href=\"https:\/\/wioskisos.org\/MWM\/?p=157\"><\/div><\/span><span class=\"mr_social_sharing\"><div class=\"g-plusone\" data-size=\"medium\" data-annotation=\"none\" data-href=\"https:\/\/wioskisos.org\/MWM\/?p=157\"><\/div><\/span><span class=\"mr_social_sharing\"><a href=\"mailto:?subject=o blogu na blogu&amp;body=https:\/\/wioskisos.org\/MWM\/?p=157\" target=\"_blank\"><img decoding=\"async\" src=\"https:\/\/wioskisos.org\/MWM\/wp-content\/plugins\/social-sharing-toolkit\/images\/buttons\/email.png\" class=\"nopin\" alt=\"Share via email\" title=\"Share via email\"\/><\/a><\/span><span class=\"mr_social_sharing\"><a class=\"linksalpha_button linksalpha_link\" href=\"\/\/www.linksalpha.com\/social\/mobile\" data-url=\"https:\/\/wioskisos.org\/MWM\/?p=157\" data-text=\"o blogu na blogu\" data-desc=\"Dziennikarka radiowa Katarzyna Ku\u017cel zaprosi\u0142a do studia Radio Koszalin na kr\u00f3tk\u0105 rozmow\u0119 na temat prowadzonego bloga MWM. Oto i ona: blog m\u0142odych\" data-image=\"\" data-button=\"\">\n\t\t\t\t\t<img decoding=\"async\" src=\"\/\/www.linksalpha.com\/images\/social_share_button.png\" alt=\"Share\" class=\"linksalpha_image\" \/>\n\t\t\t\t\t<\/a><script type=\"text\/javascript\" src=\"\/\/www.linksalpha.com\/social\/loader_iconbox?link=https%3A%2F%2Fwioskisos.org%2FMWM%2F%3Fp%3D157&id=1135061969\"><\/script><\/span><\/div>","protected":false},"excerpt":{"rendered":"<p>Dziennikarka radiowa Katarzyna Ku\u017cel zaprosi\u0142a do studia Radio Koszalin na kr\u00f3tk\u0105 rozmow\u0119 na temat prowadzonego bloga MWM. Oto i ona: blog m\u0142odych<\/p>\n\n\t\t\t\t<div class=\"mr_social_sharing_wrapper\">\n\t\t\t\t<!-- Social Sharing Toolkit v2.2 --><span class=\"mr_social_sharing\"><span style=\"display: inline-block; width: 51px; height: 21px; overflow: hidden;\"><div class=\"fb-like\" data-href=\"https:\/\/wioskisos.org\/MWM\/?p=157\" data-send=\"false\" data-width=\"51\" data-show-faces=\"false\"><\/div><\/span><\/span><span class=\"mr_social_sharing\"><div class=\"fb-send\" data-href=\"https:\/\/wioskisos.org\/MWM\/?p=157\"><\/div><\/span><span class=\"mr_social_sharing\"><div class=\"g-plusone\" data-size=\"medium\" data-annotation=\"none\" data-href=\"https:\/\/wioskisos.org\/MWM\/?p=157\"><\/div><\/span><span class=\"mr_social_sharing\"><a href=\"mailto:?subject=o blogu na blogu&amp;body=https:\/\/wioskisos.org\/MWM\/?p=157\" target=\"_blank\"><img decoding=\"async\" src=\"https:\/\/wioskisos.org\/MWM\/wp-content\/plugins\/social-sharing-toolkit\/images\/buttons\/email.png\" class=\"nopin\" alt=\"Share via email\" title=\"Share via email\"\/><\/a><\/span><span class=\"mr_social_sharing\"><a class=\"linksalpha_button linksalpha_link\" href=\"\/\/www.linksalpha.com\/social\/mobile\" data-url=\"https:\/\/wioskisos.org\/MWM\/?p=157\" data-text=\"o blogu na blogu\" data-desc=\"Dziennikarka radiowa Katarzyna Ku\u017cel zaprosi\u0142a do studia Radio Koszalin na kr\u00f3tk\u0105 rozmow\u0119 na temat prowadzonego bloga MWM. Oto i ona: blog m\u0142odych\" data-image=\"\" data-button=\"\">\n\t\t\t\t\t<img decoding=\"async\" src=\"\/\/www.linksalpha.com\/images\/social_share_button.png\" alt=\"Share\" class=\"linksalpha_image\" \/>\n\t\t\t\t\t<\/a><script type=\"text\/javascript\" src=\"\/\/www.linksalpha.com\/social\/loader_iconbox?link=https%3A%2F%2Fwioskisos.org%2FMWM%2F%3Fp%3D157&id=771067736\"><\/script><\/span><\/div>","protected":false},"author":2,"featured_media":0,"comment_status":"open","ping_status":"open","sticky":false,"template":"","format":"standard","meta":{"footnotes":""},"categories":[1],"tags":[],"_links":{"self":[{"href":"https:\/\/wioskisos.org\/MWM\/index.php?rest_route=\/wp\/v2\/posts\/157"}],"collection":[{"href":"https:\/\/wioskisos.org\/MWM\/index.php?rest_route=\/wp\/v2\/posts"}],"about":[{"href":"https:\/\/wioskisos.org\/MWM\/index.php?rest_route=\/wp\/v2\/types\/post"}],"author":[{"embeddable":true,"href":"https:\/\/wioskisos.org\/MWM\/index.php?rest_route=\/wp\/v2\/users\/2"}],"replies":[{"embeddable":true,"href":"https:\/\/wioskisos.org\/MWM\/index.php?rest_route=%2Fwp%2Fv2%2Fcomments&post=157"}],"version-history":[{"count":2,"href":"https:\/\/wioskisos.org\/MWM\/index.php?rest_route=\/wp\/v2\/posts\/157\/revisions"}],"predecessor-version":[{"id":161,"href":"https:\/\/wioskisos.org\/MWM\/index.php?rest_route=\/wp\/v2\/posts\/157\/revisions\/161"}],"wp:attachment":[{"href":"https:\/\/wioskisos.org\/MWM\/index.php?rest_route=%2Fwp%2Fv2%2Fmedia&parent=157"}],"wp:term":[{"taxonomy":"category","embeddable":true,"href":"https:\/\/wioskisos.org\/MWM\/index.php?rest_route=%2Fwp%2Fv2%2Fcategories&post=157"},{"taxonomy":"post_tag","embeddable":true,"href":"https:\/\/wioskisos.org\/MWM\/index.php?rest_route=%2Fwp%2Fv2%2Ftags&post=157"}],"curies":[{"name":"wp","href":"https:\/\/api.w.org\/{rel}","templated":true}]}}