{"id":1509,"date":"2014-10-19T16:48:27","date_gmt":"2014-10-19T16:48:27","guid":{"rendered":"http:\/\/wioskisos.org\/MWM\/?p=1509"},"modified":"2014-10-19T16:48:27","modified_gmt":"2014-10-19T16:48:27","slug":"warsztaty-z-ramienia-amnesty-international","status":"publish","type":"post","link":"https:\/\/wioskisos.org\/MWM\/?p=1509","title":{"rendered":"Warsztaty z ramienia Amnesty International"},"content":{"rendered":"<div id=\"attachment_1501\" style=\"width: 310px\" class=\"wp-caption aligncenter\"><a href=\"http:\/\/wioskisos.org\/MWM\/wp-content\/uploads\/2014\/10\/FormatFactorywarsztaty-Moje-cia\u0142o-Moja-sprawa.jpg\"><img loading=\"lazy\" decoding=\"async\" aria-describedby=\"caption-attachment-1501\" class=\"size-medium wp-image-1501\" src=\"http:\/\/wioskisos.org\/MWM\/wp-content\/uploads\/2014\/10\/FormatFactorywarsztaty-Moje-cia\u0142o-Moja-sprawa-300x167.jpg\" alt=\"warsztaty Moje cia\u0142o Moja sprawa\" width=\"300\" height=\"167\" srcset=\"https:\/\/wioskisos.org\/MWM\/wp-content\/uploads\/2014\/10\/FormatFactorywarsztaty-Moje-cia\u0142o-Moja-sprawa-300x167.jpg 300w, https:\/\/wioskisos.org\/MWM\/wp-content\/uploads\/2014\/10\/FormatFactorywarsztaty-Moje-cia\u0142o-Moja-sprawa.jpg 640w\" sizes=\"(max-width: 300px) 100vw, 300px\" \/><\/a><p id=\"caption-attachment-1501\" class=\"wp-caption-text\">warsztaty Moje cia\u0142o Moja sprawa<\/p><\/div>\n<div id=\"attachment_1502\" style=\"width: 310px\" class=\"wp-caption aligncenter\"><a href=\"http:\/\/wioskisos.org\/MWM\/wp-content\/uploads\/2014\/10\/FormatFactorym\u0142odzi-pracuj\u0105-nad-plakatem.jpg\"><img loading=\"lazy\" decoding=\"async\" aria-describedby=\"caption-attachment-1502\" class=\"size-medium wp-image-1502\" src=\"http:\/\/wioskisos.org\/MWM\/wp-content\/uploads\/2014\/10\/FormatFactorym\u0142odzi-pracuj\u0105-nad-plakatem-300x167.jpg\" alt=\"m\u0142odzi pracuj\u0105 nad plakatem\" width=\"300\" height=\"167\" srcset=\"https:\/\/wioskisos.org\/MWM\/wp-content\/uploads\/2014\/10\/FormatFactorym\u0142odzi-pracuj\u0105-nad-plakatem-300x167.jpg 300w, https:\/\/wioskisos.org\/MWM\/wp-content\/uploads\/2014\/10\/FormatFactorym\u0142odzi-pracuj\u0105-nad-plakatem.jpg 640w\" sizes=\"(max-width: 300px) 100vw, 300px\" \/><\/a><p id=\"caption-attachment-1502\" class=\"wp-caption-text\">m\u0142odzi pracuj\u0105 nad plakatem<\/p><\/div>\n<div id=\"attachment_1503\" style=\"width: 178px\" class=\"wp-caption aligncenter\"><a href=\"http:\/\/wioskisos.org\/MWM\/wp-content\/uploads\/2014\/10\/FormatFactoryw-trakcie-warsztat\u00f3w.jpg\"><img loading=\"lazy\" decoding=\"async\" aria-describedby=\"caption-attachment-1503\" class=\"size-medium wp-image-1503\" src=\"http:\/\/wioskisos.org\/MWM\/wp-content\/uploads\/2014\/10\/FormatFactoryw-trakcie-warsztat\u00f3w-168x300.jpg\" alt=\"w trakcie warsztat\u00f3w\" width=\"168\" height=\"300\" srcset=\"https:\/\/wioskisos.org\/MWM\/wp-content\/uploads\/2014\/10\/FormatFactoryw-trakcie-warsztat\u00f3w-168x300.jpg 168w, https:\/\/wioskisos.org\/MWM\/wp-content\/uploads\/2014\/10\/FormatFactoryw-trakcie-warsztat\u00f3w.jpg 269w\" sizes=\"(max-width: 168px) 100vw, 168px\" \/><\/a><p id=\"caption-attachment-1503\" class=\"wp-caption-text\">w trakcie warsztat\u00f3w<\/p><\/div>\n<p>Po\u0142\u0105czyli\u015bmy dwie grupy: mieszka\u0144c\u00f3w MWM SOS oraz m\u0142odych z WD Karlino, kt\u00f3rzy przyjechali na pierwsze zaj\u0119cia projektu przej\u015bcia Pierwsze Koty za P\u0142oty.<\/p>\n\n\t\t\t\t<div class=\"mr_social_sharing_wrapper\">\n\t\t\t\t<!-- Social Sharing Toolkit v2.2 --><span class=\"mr_social_sharing\"><span style=\"display: inline-block; width: 51px; height: 21px; overflow: hidden;\"><div class=\"fb-like\" data-href=\"https:\/\/wioskisos.org\/MWM\/?p=1509\" data-send=\"false\" data-width=\"51\" data-show-faces=\"false\"><\/div><\/span><\/span><span class=\"mr_social_sharing\"><div class=\"fb-send\" data-href=\"https:\/\/wioskisos.org\/MWM\/?p=1509\"><\/div><\/span><span class=\"mr_social_sharing\"><div class=\"g-plusone\" data-size=\"medium\" data-annotation=\"none\" data-href=\"https:\/\/wioskisos.org\/MWM\/?p=1509\"><\/div><\/span><span class=\"mr_social_sharing\"><a href=\"mailto:?subject=Warsztaty z ramienia Amnesty International&amp;body=https:\/\/wioskisos.org\/MWM\/?p=1509\" target=\"_blank\"><img decoding=\"async\" src=\"https:\/\/wioskisos.org\/MWM\/wp-content\/plugins\/social-sharing-toolkit\/images\/buttons\/email.png\" class=\"nopin\" alt=\"Share via email\" title=\"Share via email\"\/><\/a><\/span><span class=\"mr_social_sharing\"><a class=\"linksalpha_button linksalpha_link\" href=\"\/\/www.linksalpha.com\/social\/mobile\" data-url=\"https:\/\/wioskisos.org\/MWM\/?p=1509\" data-text=\"Warsztaty z ramienia Amnesty International\" data-desc=\"warsztaty Moje cia\u0142o Moja sprawa m\u0142odzi pracuj\u0105 nad plakatem w trakcie warsztat\u00f3w Po\u0142\u0105czyli\u015bmy dwie grupy: mieszka\u0144c\u00f3w MWM SOS oraz m\u0142odych z WD Karlino, kt\u00f3rzy przyjechali na pierwsze zaj\u0119cia projektu przej\u015bcia Pierwsze Koty za P\u0142oty.\" data-image=\"http:\/\/wioskisos.org\/MWM\/wp-content\/uploads\/2014\/10\/FormatFactorywarsztaty-Moje-cia\u0142o-Moja-sprawa-300x167.jpg\" data-button=\"\">\n\t\t\t\t\t<img decoding=\"async\" src=\"\/\/www.linksalpha.com\/images\/social_share_button.png\" alt=\"Share\" class=\"linksalpha_image\" \/>\n\t\t\t\t\t<\/a><script type=\"text\/javascript\" src=\"\/\/www.linksalpha.com\/social\/loader_iconbox?link=https%3A%2F%2Fwioskisos.org%2FMWM%2F%3Fp%3D1509&id=61729101\"><\/script><\/span><\/div>","protected":false},"excerpt":{"rendered":"<p>Po\u0142\u0105czyli\u015bmy dwie grupy: mieszka\u0144c\u00f3w MWM SOS oraz m\u0142odych z WD Karlino, kt\u00f3rzy przyjechali na pierwsze zaj\u0119cia projektu przej\u015bcia Pierwsze Koty za P\u0142oty.<\/p>\n\n\t\t\t\t<div class=\"mr_social_sharing_wrapper\">\n\t\t\t\t<!-- Social Sharing Toolkit v2.2 --><span class=\"mr_social_sharing\"><span style=\"display: inline-block; width: 51px; height: 21px; overflow: hidden;\"><div class=\"fb-like\" data-href=\"https:\/\/wioskisos.org\/MWM\/?p=1509\" data-send=\"false\" data-width=\"51\" data-show-faces=\"false\"><\/div><\/span><\/span><span class=\"mr_social_sharing\"><div class=\"fb-send\" data-href=\"https:\/\/wioskisos.org\/MWM\/?p=1509\"><\/div><\/span><span class=\"mr_social_sharing\"><div class=\"g-plusone\" data-size=\"medium\" data-annotation=\"none\" data-href=\"https:\/\/wioskisos.org\/MWM\/?p=1509\"><\/div><\/span><span class=\"mr_social_sharing\"><a href=\"mailto:?subject=Warsztaty z ramienia Amnesty International&amp;body=https:\/\/wioskisos.org\/MWM\/?p=1509\" target=\"_blank\"><img decoding=\"async\" src=\"https:\/\/wioskisos.org\/MWM\/wp-content\/plugins\/social-sharing-toolkit\/images\/buttons\/email.png\" class=\"nopin\" alt=\"Share via email\" title=\"Share via email\"\/><\/a><\/span><span class=\"mr_social_sharing\"><a class=\"linksalpha_button linksalpha_link\" href=\"\/\/www.linksalpha.com\/social\/mobile\" data-url=\"https:\/\/wioskisos.org\/MWM\/?p=1509\" data-text=\"Warsztaty z ramienia Amnesty International\" data-desc=\"warsztaty Moje cia\u0142o Moja sprawa m\u0142odzi pracuj\u0105 nad plakatem w trakcie warsztat\u00f3w Po\u0142\u0105czyli\u015bmy dwie grupy: mieszka\u0144c\u00f3w MWM SOS oraz m\u0142odych z WD Karlino, kt\u00f3rzy przyjechali na pierwsze zaj\u0119cia projektu przej\u015bcia Pierwsze Koty za P\u0142oty.\" data-image=\"\" data-button=\"\">\n\t\t\t\t\t<img decoding=\"async\" src=\"\/\/www.linksalpha.com\/images\/social_share_button.png\" alt=\"Share\" class=\"linksalpha_image\" \/>\n\t\t\t\t\t<\/a><script type=\"text\/javascript\" src=\"\/\/www.linksalpha.com\/social\/loader_iconbox?link=https%3A%2F%2Fwioskisos.org%2FMWM%2F%3Fp%3D1509&id=640809732\"><\/script><\/span><\/div>","protected":false},"author":2,"featured_media":0,"comment_status":"open","ping_status":"open","sticky":false,"template":"","format":"standard","meta":{"footnotes":""},"categories":[1],"tags":[],"_links":{"self":[{"href":"https:\/\/wioskisos.org\/MWM\/index.php?rest_route=\/wp\/v2\/posts\/1509"}],"collection":[{"href":"https:\/\/wioskisos.org\/MWM\/index.php?rest_route=\/wp\/v2\/posts"}],"about":[{"href":"https:\/\/wioskisos.org\/MWM\/index.php?rest_route=\/wp\/v2\/types\/post"}],"author":[{"embeddable":true,"href":"https:\/\/wioskisos.org\/MWM\/index.php?rest_route=\/wp\/v2\/users\/2"}],"replies":[{"embeddable":true,"href":"https:\/\/wioskisos.org\/MWM\/index.php?rest_route=%2Fwp%2Fv2%2Fcomments&post=1509"}],"version-history":[{"count":1,"href":"https:\/\/wioskisos.org\/MWM\/index.php?rest_route=\/wp\/v2\/posts\/1509\/revisions"}],"predecessor-version":[{"id":1510,"href":"https:\/\/wioskisos.org\/MWM\/index.php?rest_route=\/wp\/v2\/posts\/1509\/revisions\/1510"}],"wp:attachment":[{"href":"https:\/\/wioskisos.org\/MWM\/index.php?rest_route=%2Fwp%2Fv2%2Fmedia&parent=1509"}],"wp:term":[{"taxonomy":"category","embeddable":true,"href":"https:\/\/wioskisos.org\/MWM\/index.php?rest_route=%2Fwp%2Fv2%2Fcategories&post=1509"},{"taxonomy":"post_tag","embeddable":true,"href":"https:\/\/wioskisos.org\/MWM\/index.php?rest_route=%2Fwp%2Fv2%2Ftags&post=1509"}],"curies":[{"name":"wp","href":"https:\/\/api.w.org\/{rel}","templated":true}]}}