{"id":1318,"date":"2013-12-09T22:45:01","date_gmt":"2013-12-09T22:45:01","guid":{"rendered":"http:\/\/wioskisos.org\/MWM\/?p=1318"},"modified":"2013-12-09T22:45:01","modified_gmt":"2013-12-09T22:45:01","slug":"na-mikolaja-nowy-dom-nowa-siedziba-mwm-koszalin","status":"publish","type":"post","link":"https:\/\/wioskisos.org\/MWM\/?p=1318","title":{"rendered":"na &#8222;Miko\u0142aja&#8221; &#8211; nowy dom, nowa siedziba MWM Koszalin"},"content":{"rendered":"<p><a href=\"http:\/\/wioskisos.org\/MWM\/wp-content\/uploads\/2013\/12\/wywiad-z-przedstawicielk\u0105-Fundacji-Velux.jpg\"><img loading=\"lazy\" decoding=\"async\" class=\"aligncenter size-medium wp-image-1317\" src=\"http:\/\/wioskisos.org\/MWM\/wp-content\/uploads\/2013\/12\/wywiad-z-przedstawicielk\u0105-Fundacji-Velux-300x167.jpg\" alt=\"\" width=\"300\" height=\"167\" srcset=\"https:\/\/wioskisos.org\/MWM\/wp-content\/uploads\/2013\/12\/wywiad-z-przedstawicielk\u0105-Fundacji-Velux-300x167.jpg 300w, https:\/\/wioskisos.org\/MWM\/wp-content\/uploads\/2013\/12\/wywiad-z-przedstawicielk\u0105-Fundacji-Velux.jpg 640w\" sizes=\"(max-width: 300px) 100vw, 300px\" \/><\/a><a href=\"http:\/\/wioskisos.org\/MWM\/wp-content\/uploads\/2013\/12\/przeci\u0119cie-szarfy.jpg\"><img loading=\"lazy\" decoding=\"async\" class=\"aligncenter size-medium wp-image-1312\" src=\"http:\/\/wioskisos.org\/MWM\/wp-content\/uploads\/2013\/12\/przeci\u0119cie-szarfy-300x167.jpg\" alt=\"\" width=\"300\" height=\"167\" srcset=\"https:\/\/wioskisos.org\/MWM\/wp-content\/uploads\/2013\/12\/przeci\u0119cie-szarfy-300x167.jpg 300w, https:\/\/wioskisos.org\/MWM\/wp-content\/uploads\/2013\/12\/przeci\u0119cie-szarfy.jpg 640w\" sizes=\"(max-width: 300px) 100vw, 300px\" \/><\/a><a href=\"http:\/\/wioskisos.org\/MWM\/wp-content\/uploads\/2013\/12\/go\u015bcie-1.jpg\"><img loading=\"lazy\" decoding=\"async\" class=\"aligncenter size-medium wp-image-1310\" src=\"http:\/\/wioskisos.org\/MWM\/wp-content\/uploads\/2013\/12\/go\u015bcie-1-300x167.jpg\" alt=\"\" width=\"300\" height=\"167\" srcset=\"https:\/\/wioskisos.org\/MWM\/wp-content\/uploads\/2013\/12\/go\u015bcie-1-300x167.jpg 300w, https:\/\/wioskisos.org\/MWM\/wp-content\/uploads\/2013\/12\/go\u015bcie-1.jpg 640w\" sizes=\"(max-width: 300px) 100vw, 300px\" \/><\/a><a href=\"http:\/\/wioskisos.org\/MWM\/wp-content\/uploads\/2013\/12\/wyst\u0119py.jpg\"><img loading=\"lazy\" decoding=\"async\" class=\"aligncenter size-medium wp-image-1316\" src=\"http:\/\/wioskisos.org\/MWM\/wp-content\/uploads\/2013\/12\/wyst\u0119py-300x167.jpg\" alt=\"\" width=\"300\" height=\"167\" srcset=\"https:\/\/wioskisos.org\/MWM\/wp-content\/uploads\/2013\/12\/wyst\u0119py-300x167.jpg 300w, https:\/\/wioskisos.org\/MWM\/wp-content\/uploads\/2013\/12\/wyst\u0119py.jpg 640w\" sizes=\"(max-width: 300px) 100vw, 300px\" \/><\/a><a href=\"http:\/\/wioskisos.org\/MWM\/wp-content\/uploads\/2013\/12\/wyst\u0119py-1.jpg\"><img loading=\"lazy\" decoding=\"async\" class=\"aligncenter size-medium wp-image-1315\" src=\"http:\/\/wioskisos.org\/MWM\/wp-content\/uploads\/2013\/12\/wyst\u0119py-1-300x167.jpg\" alt=\"\" width=\"300\" height=\"167\" srcset=\"https:\/\/wioskisos.org\/MWM\/wp-content\/uploads\/2013\/12\/wyst\u0119py-1-300x167.jpg 300w, https:\/\/wioskisos.org\/MWM\/wp-content\/uploads\/2013\/12\/wyst\u0119py-1.jpg 640w\" sizes=\"(max-width: 300px) 100vw, 300px\" \/><\/a><a href=\"http:\/\/wioskisos.org\/MWM\/wp-content\/uploads\/2013\/12\/tort-zlogo-SOS.jpg\"><img loading=\"lazy\" decoding=\"async\" class=\"aligncenter size-medium wp-image-1313\" src=\"http:\/\/wioskisos.org\/MWM\/wp-content\/uploads\/2013\/12\/tort-zlogo-SOS-168x300.jpg\" alt=\"\" width=\"168\" height=\"300\" srcset=\"https:\/\/wioskisos.org\/MWM\/wp-content\/uploads\/2013\/12\/tort-zlogo-SOS-168x300.jpg 168w, https:\/\/wioskisos.org\/MWM\/wp-content\/uploads\/2013\/12\/tort-zlogo-SOS.jpg 269w\" sizes=\"(max-width: 168px) 100vw, 168px\" \/><\/a><a href=\"http:\/\/wioskisos.org\/MWM\/wp-content\/uploads\/2013\/12\/wpis-do-kroniki-Prezydent-Maista-Koszalina.jpg\"><img loading=\"lazy\" decoding=\"async\" class=\"aligncenter size-medium wp-image-1314\" src=\"http:\/\/wioskisos.org\/MWM\/wp-content\/uploads\/2013\/12\/wpis-do-kroniki-Prezydent-Maista-Koszalina-168x300.jpg\" alt=\"\" width=\"168\" height=\"300\" srcset=\"https:\/\/wioskisos.org\/MWM\/wp-content\/uploads\/2013\/12\/wpis-do-kroniki-Prezydent-Maista-Koszalina-168x300.jpg 168w, https:\/\/wioskisos.org\/MWM\/wp-content\/uploads\/2013\/12\/wpis-do-kroniki-Prezydent-Maista-Koszalina.jpg 269w\" sizes=\"(max-width: 168px) 100vw, 168px\" \/><\/a><\/p>\n<p><a href=\"http:\/\/wioskisos.org\/MWM\/wp-content\/uploads\/2013\/12\/go\u015bcie.jpg\"><img loading=\"lazy\" decoding=\"async\" class=\"aligncenter size-medium wp-image-1311\" src=\"http:\/\/wioskisos.org\/MWM\/wp-content\/uploads\/2013\/12\/go\u015bcie-300x167.jpg\" alt=\"\" width=\"300\" height=\"167\" srcset=\"https:\/\/wioskisos.org\/MWM\/wp-content\/uploads\/2013\/12\/go\u015bcie-300x167.jpg 300w, https:\/\/wioskisos.org\/MWM\/wp-content\/uploads\/2013\/12\/go\u015bcie.jpg 640w\" sizes=\"(max-width: 300px) 100vw, 300px\" \/><\/a>Dzi\u0119kujemy z serca Wszystkim obecnym na oficjalnym otwarciu nowej siedziby M\u0142odzie\u017cowej Wsp\u00f3lnoty Mieszkaniowej SOS w Koszalinie &#8211; przedstawicielom w\u0142adz oraz instytucji, reprezentantom Fundacji Velux &#8211; sponsora przedsi\u0119wzi\u0119cia, pracownikom Stowarzyszenia SOS Wioski Dzieci\u0119ce w Polsce, mediom. Przeci\u0119cie szarfy, przem\u00f3wienia, tort, prezentacje, wyst\u0119py, prezenty, wywiady &#8211; tyle si\u0119 dzia\u0142o w to jedno wyj\u0105tkowe popo\u0142udnie na G\u0142owackiego 15&#8230;<\/p>\n<p>&nbsp;<\/p>\n<p>&nbsp;<\/p>\n<p>&nbsp;<\/p>\n<p>&nbsp;<\/p>\n<p>&nbsp;<\/p>\n\n\t\t\t\t<div class=\"mr_social_sharing_wrapper\">\n\t\t\t\t<!-- Social Sharing Toolkit v2.2 --><span class=\"mr_social_sharing\"><span style=\"display: inline-block; width: 51px; height: 21px; overflow: hidden;\"><div class=\"fb-like\" data-href=\"https:\/\/wioskisos.org\/MWM\/?p=1318\" data-send=\"false\" data-width=\"51\" data-show-faces=\"false\"><\/div><\/span><\/span><span class=\"mr_social_sharing\"><div class=\"fb-send\" data-href=\"https:\/\/wioskisos.org\/MWM\/?p=1318\"><\/div><\/span><span class=\"mr_social_sharing\"><div class=\"g-plusone\" data-size=\"medium\" data-annotation=\"none\" data-href=\"https:\/\/wioskisos.org\/MWM\/?p=1318\"><\/div><\/span><span class=\"mr_social_sharing\"><a href=\"mailto:?subject=na \u201eMiko\u0142aja\u201d \u2013 nowy dom, nowa siedziba MWM Koszalin&amp;body=https:\/\/wioskisos.org\/MWM\/?p=1318\" target=\"_blank\"><img decoding=\"async\" src=\"https:\/\/wioskisos.org\/MWM\/wp-content\/plugins\/social-sharing-toolkit\/images\/buttons\/email.png\" class=\"nopin\" alt=\"Share via email\" title=\"Share via email\"\/><\/a><\/span><span class=\"mr_social_sharing\"><a class=\"linksalpha_button linksalpha_link\" href=\"\/\/www.linksalpha.com\/social\/mobile\" data-url=\"https:\/\/wioskisos.org\/MWM\/?p=1318\" data-text=\"na \u201eMiko\u0142aja\u201d \u2013 nowy dom, nowa siedziba MWM Koszalin\" data-desc=\"Dzi\u0119kujemy z serca Wszystkim obecnym na oficjalnym otwarciu nowej siedziby M\u0142odzie\u017cowej Wsp\u00f3lnoty Mieszkaniowej SOS w Koszalinie - przedstawicielom w\u0142adz oraz instytucji, reprezentantom Fundacji Velux - sponsora przedsi\u0119wzi\u0119cia, pracownikom Stowarzyszenia SOS Wioski Dzieci\u0119ce w Polsce,\" data-image=\"http:\/\/wioskisos.org\/MWM\/wp-content\/uploads\/2013\/12\/wpis-do-kroniki-Prezydent-Maista-Koszalina-168x300.jpg\" data-button=\"\">\n\t\t\t\t\t<img decoding=\"async\" src=\"\/\/www.linksalpha.com\/images\/social_share_button.png\" alt=\"Share\" class=\"linksalpha_image\" \/>\n\t\t\t\t\t<\/a><script type=\"text\/javascript\" src=\"\/\/www.linksalpha.com\/social\/loader_iconbox?link=https%3A%2F%2Fwioskisos.org%2FMWM%2F%3Fp%3D1318&id=1617592528\"><\/script><\/span><\/div>","protected":false},"excerpt":{"rendered":"<p>Dzi\u0119kujemy z serca Wszystkim obecnym na oficjalnym otwarciu nowej siedziby M\u0142odzie\u017cowej Wsp\u00f3lnoty Mieszkaniowej SOS w Koszalinie &#8211; przedstawicielom w\u0142adz oraz instytucji, reprezentantom Fundacji Velux &#8211; sponsora przedsi\u0119wzi\u0119cia, pracownikom Stowarzyszenia SOS Wioski Dzieci\u0119ce w Polsce, mediom. Przeci\u0119cie szarfy, przem\u00f3wienia, tort, prezentacje, wyst\u0119py, prezenty, wywiady &#8211; tyle si\u0119 dzia\u0142o w to jedno wyj\u0105tkowe popo\u0142udnie na G\u0142owackiego 15&#8230; [&hellip;]<\/p>\n\n\t\t\t\t<div class=\"mr_social_sharing_wrapper\">\n\t\t\t\t<!-- Social Sharing Toolkit v2.2 --><span class=\"mr_social_sharing\"><span style=\"display: inline-block; width: 51px; height: 21px; overflow: hidden;\"><div class=\"fb-like\" data-href=\"https:\/\/wioskisos.org\/MWM\/?p=1318\" data-send=\"false\" data-width=\"51\" data-show-faces=\"false\"><\/div><\/span><\/span><span class=\"mr_social_sharing\"><div class=\"fb-send\" data-href=\"https:\/\/wioskisos.org\/MWM\/?p=1318\"><\/div><\/span><span class=\"mr_social_sharing\"><div class=\"g-plusone\" data-size=\"medium\" data-annotation=\"none\" data-href=\"https:\/\/wioskisos.org\/MWM\/?p=1318\"><\/div><\/span><span class=\"mr_social_sharing\"><a href=\"mailto:?subject=na \u201eMiko\u0142aja\u201d \u2013 nowy dom, nowa siedziba MWM Koszalin&amp;body=https:\/\/wioskisos.org\/MWM\/?p=1318\" target=\"_blank\"><img decoding=\"async\" src=\"https:\/\/wioskisos.org\/MWM\/wp-content\/plugins\/social-sharing-toolkit\/images\/buttons\/email.png\" class=\"nopin\" alt=\"Share via email\" title=\"Share via email\"\/><\/a><\/span><span class=\"mr_social_sharing\"><a class=\"linksalpha_button linksalpha_link\" href=\"\/\/www.linksalpha.com\/social\/mobile\" data-url=\"https:\/\/wioskisos.org\/MWM\/?p=1318\" data-text=\"na \u201eMiko\u0142aja\u201d \u2013 nowy dom, nowa siedziba MWM Koszalin\" data-desc=\"Dzi\u0119kujemy z serca Wszystkim obecnym na oficjalnym otwarciu nowej siedziby M\u0142odzie\u017cowej Wsp\u00f3lnoty Mieszkaniowej SOS w Koszalinie - przedstawicielom w\u0142adz oraz instytucji, reprezentantom Fundacji Velux - sponsora przedsi\u0119wzi\u0119cia, pracownikom Stowarzyszenia SOS Wioski Dzieci\u0119ce w Polsce,\" data-image=\"\" data-button=\"\">\n\t\t\t\t\t<img decoding=\"async\" src=\"\/\/www.linksalpha.com\/images\/social_share_button.png\" alt=\"Share\" class=\"linksalpha_image\" \/>\n\t\t\t\t\t<\/a><script type=\"text\/javascript\" src=\"\/\/www.linksalpha.com\/social\/loader_iconbox?link=https%3A%2F%2Fwioskisos.org%2FMWM%2F%3Fp%3D1318&id=1527689442\"><\/script><\/span><\/div>","protected":false},"author":2,"featured_media":0,"comment_status":"open","ping_status":"open","sticky":false,"template":"","format":"standard","meta":{"footnotes":""},"categories":[1],"tags":[],"_links":{"self":[{"href":"https:\/\/wioskisos.org\/MWM\/index.php?rest_route=\/wp\/v2\/posts\/1318"}],"collection":[{"href":"https:\/\/wioskisos.org\/MWM\/index.php?rest_route=\/wp\/v2\/posts"}],"about":[{"href":"https:\/\/wioskisos.org\/MWM\/index.php?rest_route=\/wp\/v2\/types\/post"}],"author":[{"embeddable":true,"href":"https:\/\/wioskisos.org\/MWM\/index.php?rest_route=\/wp\/v2\/users\/2"}],"replies":[{"embeddable":true,"href":"https:\/\/wioskisos.org\/MWM\/index.php?rest_route=%2Fwp%2Fv2%2Fcomments&post=1318"}],"version-history":[{"count":1,"href":"https:\/\/wioskisos.org\/MWM\/index.php?rest_route=\/wp\/v2\/posts\/1318\/revisions"}],"predecessor-version":[{"id":1319,"href":"https:\/\/wioskisos.org\/MWM\/index.php?rest_route=\/wp\/v2\/posts\/1318\/revisions\/1319"}],"wp:attachment":[{"href":"https:\/\/wioskisos.org\/MWM\/index.php?rest_route=%2Fwp%2Fv2%2Fmedia&parent=1318"}],"wp:term":[{"taxonomy":"category","embeddable":true,"href":"https:\/\/wioskisos.org\/MWM\/index.php?rest_route=%2Fwp%2Fv2%2Fcategories&post=1318"},{"taxonomy":"post_tag","embeddable":true,"href":"https:\/\/wioskisos.org\/MWM\/index.php?rest_route=%2Fwp%2Fv2%2Ftags&post=1318"}],"curies":[{"name":"wp","href":"https:\/\/api.w.org\/{rel}","templated":true}]}}