{"id":1078,"date":"2013-04-24T22:39:35","date_gmt":"2013-04-24T22:39:35","guid":{"rendered":"http:\/\/wioskisos.org\/MWM\/?p=1078"},"modified":"2013-04-24T22:39:35","modified_gmt":"2013-04-24T22:39:35","slug":"sylwek-jarek-i-tomek-albania","status":"publish","type":"post","link":"https:\/\/wioskisos.org\/MWM\/?p=1078","title":{"rendered":"Sylwek, Jarek i Tomek = Albania"},"content":{"rendered":"<p>Wychowankowie SOS-u bracia Sylwek i Jarek oraz Tomek wyjechali na prawie 2 tygodnie do alba\u0144skiego SOS-u. Wra\u017cenia z podr\u00f3\u017cy w dalekie strony jak najbardziej pozytywne &#8211; nowe do\u015bwiadczenia niepowtarzalne.<\/p>\n<div id=\"attachment_1077\" style=\"width: 178px\" class=\"wp-caption aligncenter\"><a href=\"http:\/\/wioskisos.org\/MWM\/wp-content\/uploads\/2013\/04\/60568_642986032393591_1525557516_n.jpg\"><img loading=\"lazy\" decoding=\"async\" aria-describedby=\"caption-attachment-1077\" class=\"size-medium wp-image-1077\" title=\"wymiana Polska -&gt; Albania\" src=\"http:\/\/wioskisos.org\/MWM\/wp-content\/uploads\/2013\/04\/60568_642986032393591_1525557516_n-168x300.jpg\" alt=\"\" width=\"168\" height=\"300\" srcset=\"https:\/\/wioskisos.org\/MWM\/wp-content\/uploads\/2013\/04\/60568_642986032393591_1525557516_n-168x300.jpg 168w, https:\/\/wioskisos.org\/MWM\/wp-content\/uploads\/2013\/04\/60568_642986032393591_1525557516_n.jpg 540w\" sizes=\"(max-width: 168px) 100vw, 168px\" \/><\/a><p id=\"caption-attachment-1077\" class=\"wp-caption-text\">wymiana Polska -&gt; Albania<\/p><\/div>\n\n\t\t\t\t<div class=\"mr_social_sharing_wrapper\">\n\t\t\t\t<!-- Social Sharing Toolkit v2.2 --><span class=\"mr_social_sharing\"><span style=\"display: inline-block; width: 51px; height: 21px; overflow: hidden;\"><div class=\"fb-like\" data-href=\"https:\/\/wioskisos.org\/MWM\/?p=1078\" data-send=\"false\" data-width=\"51\" data-show-faces=\"false\"><\/div><\/span><\/span><span class=\"mr_social_sharing\"><div class=\"fb-send\" data-href=\"https:\/\/wioskisos.org\/MWM\/?p=1078\"><\/div><\/span><span class=\"mr_social_sharing\"><div class=\"g-plusone\" data-size=\"medium\" data-annotation=\"none\" data-href=\"https:\/\/wioskisos.org\/MWM\/?p=1078\"><\/div><\/span><span class=\"mr_social_sharing\"><a href=\"mailto:?subject=Sylwek, Jarek i Tomek = Albania&amp;body=https:\/\/wioskisos.org\/MWM\/?p=1078\" target=\"_blank\"><img decoding=\"async\" src=\"https:\/\/wioskisos.org\/MWM\/wp-content\/plugins\/social-sharing-toolkit\/images\/buttons\/email.png\" class=\"nopin\" alt=\"Share via email\" title=\"Share via email\"\/><\/a><\/span><span class=\"mr_social_sharing\"><a class=\"linksalpha_button linksalpha_link\" href=\"\/\/www.linksalpha.com\/social\/mobile\" data-url=\"https:\/\/wioskisos.org\/MWM\/?p=1078\" data-text=\"Sylwek, Jarek i Tomek = Albania\" data-desc=\"Wychowankowie SOS-u bracia Sylwek i Jarek oraz Tomek wyjechali na prawie 2 tygodnie do alba\u0144skiego SOS-u. Wra\u017cenia z podr\u00f3\u017cy w dalekie strony jak najbardziej pozytywne - nowe do\u015bwiadczenia niepowtarzalne.\" data-image=\"http:\/\/wioskisos.org\/MWM\/wp-content\/uploads\/2013\/04\/60568_642986032393591_1525557516_n-168x300.jpg\" data-button=\"\">\n\t\t\t\t\t<img decoding=\"async\" src=\"\/\/www.linksalpha.com\/images\/social_share_button.png\" alt=\"Share\" class=\"linksalpha_image\" \/>\n\t\t\t\t\t<\/a><script type=\"text\/javascript\" src=\"\/\/www.linksalpha.com\/social\/loader_iconbox?link=https%3A%2F%2Fwioskisos.org%2FMWM%2F%3Fp%3D1078&id=778838157\"><\/script><\/span><\/div>","protected":false},"excerpt":{"rendered":"<p>Wychowankowie SOS-u bracia Sylwek i Jarek oraz Tomek wyjechali na prawie 2 tygodnie do alba\u0144skiego SOS-u. Wra\u017cenia z podr\u00f3\u017cy w dalekie strony jak najbardziej pozytywne &#8211; nowe do\u015bwiadczenia niepowtarzalne.<\/p>\n\n\t\t\t\t<div class=\"mr_social_sharing_wrapper\">\n\t\t\t\t<!-- Social Sharing Toolkit v2.2 --><span class=\"mr_social_sharing\"><span style=\"display: inline-block; width: 51px; height: 21px; overflow: hidden;\"><div class=\"fb-like\" data-href=\"https:\/\/wioskisos.org\/MWM\/?p=1078\" data-send=\"false\" data-width=\"51\" data-show-faces=\"false\"><\/div><\/span><\/span><span class=\"mr_social_sharing\"><div class=\"fb-send\" data-href=\"https:\/\/wioskisos.org\/MWM\/?p=1078\"><\/div><\/span><span class=\"mr_social_sharing\"><div class=\"g-plusone\" data-size=\"medium\" data-annotation=\"none\" data-href=\"https:\/\/wioskisos.org\/MWM\/?p=1078\"><\/div><\/span><span class=\"mr_social_sharing\"><a href=\"mailto:?subject=Sylwek, Jarek i Tomek = Albania&amp;body=https:\/\/wioskisos.org\/MWM\/?p=1078\" target=\"_blank\"><img decoding=\"async\" src=\"https:\/\/wioskisos.org\/MWM\/wp-content\/plugins\/social-sharing-toolkit\/images\/buttons\/email.png\" class=\"nopin\" alt=\"Share via email\" title=\"Share via email\"\/><\/a><\/span><span class=\"mr_social_sharing\"><a class=\"linksalpha_button linksalpha_link\" href=\"\/\/www.linksalpha.com\/social\/mobile\" data-url=\"https:\/\/wioskisos.org\/MWM\/?p=1078\" data-text=\"Sylwek, Jarek i Tomek = Albania\" data-desc=\"Wychowankowie SOS-u bracia Sylwek i Jarek oraz Tomek wyjechali na prawie 2 tygodnie do alba\u0144skiego SOS-u. Wra\u017cenia z podr\u00f3\u017cy w dalekie strony jak najbardziej pozytywne - nowe do\u015bwiadczenia niepowtarzalne.\" data-image=\"\" data-button=\"\">\n\t\t\t\t\t<img decoding=\"async\" src=\"\/\/www.linksalpha.com\/images\/social_share_button.png\" alt=\"Share\" class=\"linksalpha_image\" \/>\n\t\t\t\t\t<\/a><script type=\"text\/javascript\" src=\"\/\/www.linksalpha.com\/social\/loader_iconbox?link=https%3A%2F%2Fwioskisos.org%2FMWM%2F%3Fp%3D1078&id=1983001129\"><\/script><\/span><\/div>","protected":false},"author":2,"featured_media":0,"comment_status":"open","ping_status":"open","sticky":false,"template":"","format":"standard","meta":{"footnotes":""},"categories":[1],"tags":[],"_links":{"self":[{"href":"https:\/\/wioskisos.org\/MWM\/index.php?rest_route=\/wp\/v2\/posts\/1078"}],"collection":[{"href":"https:\/\/wioskisos.org\/MWM\/index.php?rest_route=\/wp\/v2\/posts"}],"about":[{"href":"https:\/\/wioskisos.org\/MWM\/index.php?rest_route=\/wp\/v2\/types\/post"}],"author":[{"embeddable":true,"href":"https:\/\/wioskisos.org\/MWM\/index.php?rest_route=\/wp\/v2\/users\/2"}],"replies":[{"embeddable":true,"href":"https:\/\/wioskisos.org\/MWM\/index.php?rest_route=%2Fwp%2Fv2%2Fcomments&post=1078"}],"version-history":[{"count":1,"href":"https:\/\/wioskisos.org\/MWM\/index.php?rest_route=\/wp\/v2\/posts\/1078\/revisions"}],"predecessor-version":[{"id":1079,"href":"https:\/\/wioskisos.org\/MWM\/index.php?rest_route=\/wp\/v2\/posts\/1078\/revisions\/1079"}],"wp:attachment":[{"href":"https:\/\/wioskisos.org\/MWM\/index.php?rest_route=%2Fwp%2Fv2%2Fmedia&parent=1078"}],"wp:term":[{"taxonomy":"category","embeddable":true,"href":"https:\/\/wioskisos.org\/MWM\/index.php?rest_route=%2Fwp%2Fv2%2Fcategories&post=1078"},{"taxonomy":"post_tag","embeddable":true,"href":"https:\/\/wioskisos.org\/MWM\/index.php?rest_route=%2Fwp%2Fv2%2Ftags&post=1078"}],"curies":[{"name":"wp","href":"https:\/\/api.w.org\/{rel}","templated":true}]}}