{"id":861,"date":"2012-11-16T10:30:52","date_gmt":"2012-11-16T10:30:52","guid":{"rendered":"http:\/\/wioskisos.org\/MWM\/?p=861"},"modified":"2012-11-16T10:35:48","modified_gmt":"2012-11-16T10:35:48","slug":"koncert-malgorzaty-ostrowskiej-w-koszalinie","status":"publish","type":"post","link":"http:\/\/wioskisos.org\/MWM\/?p=861","title":{"rendered":"koncert Ma\u0142gorzaty Ostrowskiej w Koszalinie"},"content":{"rendered":"<p><a href=\"http:\/\/wioskisos.org\/MWM\/wp-content\/uploads\/2012\/11\/DSC08507.jpg\"><img loading=\"lazy\" decoding=\"async\" class=\"aligncenter size-medium wp-image-857\" src=\"http:\/\/wioskisos.org\/MWM\/wp-content\/uploads\/2012\/11\/DSC08507-167x300.jpg\" alt=\"\" width=\"167\" height=\"300\" \/><\/a><\/p>\n<p>Wspania\u0142a Pani Ma\u0142gorzata &#8211; mistrz wokalu &#8211; ponadczasowa i niesamowicie dynamiczna. Wspania\u0142y koncert z okazji 59 urodzin Radio Koszalin &#8211; ca\u0142e szcz\u0119\u015bcie, \u017ce tam poszli\u015bmy \ud83d\ude42 Podzi\u0119kowania dla Pani Alicji &#8211; lidera MWM i jej rodzic\u00f3w \ud83d\ude42<\/p>\n<p><a href=\"http:\/\/wioskisos.org\/MWM\/wp-content\/uploads\/2012\/11\/DSC08523.jpg\"><img loading=\"lazy\" decoding=\"async\" class=\"aligncenter size-medium wp-image-858\" src=\"http:\/\/wioskisos.org\/MWM\/wp-content\/uploads\/2012\/11\/DSC08523-300x167.jpg\" alt=\"\" width=\"300\" height=\"167\" srcset=\"http:\/\/wioskisos.org\/MWM\/wp-content\/uploads\/2012\/11\/DSC08523-300x167.jpg 300w, http:\/\/wioskisos.org\/MWM\/wp-content\/uploads\/2012\/11\/DSC08523.jpg 1024w\" sizes=\"(max-width: 300px) 100vw, 300px\" \/><\/a><\/p>\n<p><a href=\"http:\/\/wioskisos.org\/MWM\/wp-content\/uploads\/2012\/11\/DSC08528.jpg\"><img loading=\"lazy\" decoding=\"async\" class=\"aligncenter size-medium wp-image-859\" src=\"http:\/\/wioskisos.org\/MWM\/wp-content\/uploads\/2012\/11\/DSC08528-167x300.jpg\" alt=\"\" width=\"167\" height=\"300\" \/><\/a><\/p>\n<p><a href=\"http:\/\/wioskisos.org\/MWM\/wp-content\/uploads\/2012\/11\/DSC08530.jpg\"><img loading=\"lazy\" decoding=\"async\" class=\"aligncenter size-medium wp-image-860\" src=\"http:\/\/wioskisos.org\/MWM\/wp-content\/uploads\/2012\/11\/DSC08530-300x167.jpg\" alt=\"\" width=\"300\" height=\"167\" srcset=\"http:\/\/wioskisos.org\/MWM\/wp-content\/uploads\/2012\/11\/DSC08530-300x167.jpg 300w, http:\/\/wioskisos.org\/MWM\/wp-content\/uploads\/2012\/11\/DSC08530.jpg 1024w\" sizes=\"(max-width: 300px) 100vw, 300px\" \/><\/a><\/p>\n","protected":false},"excerpt":{"rendered":"<p>Wspania\u0142a Pani Ma\u0142gorzata &#8211; mistrz wokalu &#8211; ponadczasowa i niesamowicie dynamiczna. Wspania\u0142y koncert z okazji 59 urodzin Radio Koszalin &#8211; ca\u0142e szcz\u0119\u015bcie, \u017ce tam poszli\u015bmy \ud83d\ude42 Podzi\u0119kowania dla Pani Alicji &#8211; lidera MWM i jej rodzic\u00f3w \ud83d\ude42<\/p>\n","protected":false},"author":2,"featured_media":0,"comment_status":"open","ping_status":"open","sticky":false,"template":"","format":"standard","meta":{"footnotes":""},"categories":[1],"tags":[],"_links":{"self":[{"href":"http:\/\/wioskisos.org\/MWM\/index.php?rest_route=\/wp\/v2\/posts\/861"}],"collection":[{"href":"http:\/\/wioskisos.org\/MWM\/index.php?rest_route=\/wp\/v2\/posts"}],"about":[{"href":"http:\/\/wioskisos.org\/MWM\/index.php?rest_route=\/wp\/v2\/types\/post"}],"author":[{"embeddable":true,"href":"http:\/\/wioskisos.org\/MWM\/index.php?rest_route=\/wp\/v2\/users\/2"}],"replies":[{"embeddable":true,"href":"http:\/\/wioskisos.org\/MWM\/index.php?rest_route=%2Fwp%2Fv2%2Fcomments&post=861"}],"version-history":[{"count":2,"href":"http:\/\/wioskisos.org\/MWM\/index.php?rest_route=\/wp\/v2\/posts\/861\/revisions"}],"predecessor-version":[{"id":864,"href":"http:\/\/wioskisos.org\/MWM\/index.php?rest_route=\/wp\/v2\/posts\/861\/revisions\/864"}],"wp:attachment":[{"href":"http:\/\/wioskisos.org\/MWM\/index.php?rest_route=%2Fwp%2Fv2%2Fmedia&parent=861"}],"wp:term":[{"taxonomy":"category","embeddable":true,"href":"http:\/\/wioskisos.org\/MWM\/index.php?rest_route=%2Fwp%2Fv2%2Fcategories&post=861"},{"taxonomy":"post_tag","embeddable":true,"href":"http:\/\/wioskisos.org\/MWM\/index.php?rest_route=%2Fwp%2Fv2%2Ftags&post=861"}],"curies":[{"name":"wp","href":"https:\/\/api.w.org\/{rel}","templated":true}]}}