{"id":758,"date":"2012-09-23T21:36:12","date_gmt":"2012-09-23T21:36:12","guid":{"rendered":"http:\/\/wioskisos.org\/MWM\/?p=758"},"modified":"2012-09-23T21:36:12","modified_gmt":"2012-09-23T21:36:12","slug":"wywiad-dla-radio-koszalin","status":"publish","type":"post","link":"http:\/\/wioskisos.org\/MWM\/?p=758","title":{"rendered":"wywiad dla Radio Koszalin"},"content":{"rendered":"<div id=\"attachment_756\" style=\"width: 310px\" class=\"wp-caption aligncenter\"><a href=\"http:\/\/wioskisos.org\/MWM\/wp-content\/uploads\/2012\/09\/DSC07732.jpg\"><img loading=\"lazy\" decoding=\"async\" aria-describedby=\"caption-attachment-756\" class=\"size-medium wp-image-756\" title=\"Karol, Kasia Ku\u017cel, Helena\" src=\"http:\/\/wioskisos.org\/MWM\/wp-content\/uploads\/2012\/09\/DSC07732-300x167.jpg\" alt=\"\" width=\"300\" height=\"167\" srcset=\"http:\/\/wioskisos.org\/MWM\/wp-content\/uploads\/2012\/09\/DSC07732-300x167.jpg 300w, http:\/\/wioskisos.org\/MWM\/wp-content\/uploads\/2012\/09\/DSC07732.jpg 1024w\" sizes=\"(max-width: 300px) 100vw, 300px\" \/><\/a><p id=\"caption-attachment-756\" class=\"wp-caption-text\">Karol, Kasia Ku\u017cel, Helena<\/p><\/div>\n<p>W niedzielne popo\u0142udnie pojawi\u0142a si\u0119 w MWM Kasia Ku\u017cel &#8211; dziennikarka Radio Koszalin, kt\u00f3ra przeprowadzi\u0142a wywiad z Karolem, Helenk\u0105,\u00a0pani\u0105 Mart\u0105\u00a0oraz pani\u0105 Bogusi\u0105 Lewandowsk\u0105, kt\u00f3ra kolejny dzie\u0144 prowadzi\u0142a warszaty WYBIERZ PRZYSZ\u0141O\u015a\u0106. Audycja o projekcie i naszym udziale &#8211; w poniedzia\u0142ek.<\/p>\n<div id=\"attachment_757\" style=\"width: 310px\" class=\"wp-caption aligncenter\"><a href=\"http:\/\/wioskisos.org\/MWM\/wp-content\/uploads\/2012\/09\/DSC07733.jpg\"><img loading=\"lazy\" decoding=\"async\" aria-describedby=\"caption-attachment-757\" class=\"size-medium wp-image-757\" title=\"Karol wczuwa si\u0119 w rol\u0119...\" src=\"http:\/\/wioskisos.org\/MWM\/wp-content\/uploads\/2012\/09\/DSC07733-300x167.jpg\" alt=\"\" width=\"300\" height=\"167\" srcset=\"http:\/\/wioskisos.org\/MWM\/wp-content\/uploads\/2012\/09\/DSC07733-300x167.jpg 300w, http:\/\/wioskisos.org\/MWM\/wp-content\/uploads\/2012\/09\/DSC07733.jpg 1024w\" sizes=\"(max-width: 300px) 100vw, 300px\" \/><\/a><p id=\"caption-attachment-757\" class=\"wp-caption-text\">Karol wczuwa si\u0119 w rol\u0119...<\/p><\/div>\n","protected":false},"excerpt":{"rendered":"<p>W niedzielne popo\u0142udnie pojawi\u0142a si\u0119 w MWM Kasia Ku\u017cel &#8211; dziennikarka Radio Koszalin, kt\u00f3ra przeprowadzi\u0142a wywiad z Karolem, Helenk\u0105,\u00a0pani\u0105 Mart\u0105\u00a0oraz pani\u0105 Bogusi\u0105 Lewandowsk\u0105, kt\u00f3ra kolejny dzie\u0144 prowadzi\u0142a warszaty WYBIERZ PRZYSZ\u0141O\u015a\u0106. Audycja o projekcie i naszym udziale &#8211; w poniedzia\u0142ek.<\/p>\n","protected":false},"author":2,"featured_media":0,"comment_status":"open","ping_status":"open","sticky":false,"template":"","format":"standard","meta":{"footnotes":""},"categories":[1],"tags":[],"_links":{"self":[{"href":"http:\/\/wioskisos.org\/MWM\/index.php?rest_route=\/wp\/v2\/posts\/758"}],"collection":[{"href":"http:\/\/wioskisos.org\/MWM\/index.php?rest_route=\/wp\/v2\/posts"}],"about":[{"href":"http:\/\/wioskisos.org\/MWM\/index.php?rest_route=\/wp\/v2\/types\/post"}],"author":[{"embeddable":true,"href":"http:\/\/wioskisos.org\/MWM\/index.php?rest_route=\/wp\/v2\/users\/2"}],"replies":[{"embeddable":true,"href":"http:\/\/wioskisos.org\/MWM\/index.php?rest_route=%2Fwp%2Fv2%2Fcomments&post=758"}],"version-history":[{"count":1,"href":"http:\/\/wioskisos.org\/MWM\/index.php?rest_route=\/wp\/v2\/posts\/758\/revisions"}],"predecessor-version":[{"id":759,"href":"http:\/\/wioskisos.org\/MWM\/index.php?rest_route=\/wp\/v2\/posts\/758\/revisions\/759"}],"wp:attachment":[{"href":"http:\/\/wioskisos.org\/MWM\/index.php?rest_route=%2Fwp%2Fv2%2Fmedia&parent=758"}],"wp:term":[{"taxonomy":"category","embeddable":true,"href":"http:\/\/wioskisos.org\/MWM\/index.php?rest_route=%2Fwp%2Fv2%2Fcategories&post=758"},{"taxonomy":"post_tag","embeddable":true,"href":"http:\/\/wioskisos.org\/MWM\/index.php?rest_route=%2Fwp%2Fv2%2Ftags&post=758"}],"curies":[{"name":"wp","href":"https:\/\/api.w.org\/{rel}","templated":true}]}}