{"id":734,"date":"2012-09-12T22:06:47","date_gmt":"2012-09-12T22:06:47","guid":{"rendered":"http:\/\/wioskisos.org\/MWM\/?p=734"},"modified":"2012-09-12T22:06:47","modified_gmt":"2012-09-12T22:06:47","slug":"urodziny-7-wioski-dzieciecej-w-karlinie-i-2-lata-mwm-koszalin","status":"publish","type":"post","link":"http:\/\/wioskisos.org\/MWM\/?p=734","title":{"rendered":"urodziny 7 Wioski Dzieci\u0119cej w Karlinie i 2 lata MWM Koszalin"},"content":{"rendered":"<div id=\"attachment_728\" style=\"width: 310px\" class=\"wp-caption aligncenter\"><a href=\"http:\/\/wioskisos.org\/MWM\/wp-content\/uploads\/2012\/09\/DSC_0031.jpg\"><img loading=\"lazy\" decoding=\"async\" aria-describedby=\"caption-attachment-728\" class=\"size-medium wp-image-728\" title=\"uwaga! ta\u0144czymy ;)\" src=\"http:\/\/wioskisos.org\/MWM\/wp-content\/uploads\/2012\/09\/DSC_0031-300x201.jpg\" alt=\"\" width=\"300\" height=\"201\" srcset=\"http:\/\/wioskisos.org\/MWM\/wp-content\/uploads\/2012\/09\/DSC_0031-300x201.jpg 300w, http:\/\/wioskisos.org\/MWM\/wp-content\/uploads\/2012\/09\/DSC_0031.jpg 640w\" sizes=\"(max-width: 300px) 100vw, 300px\" \/><\/a><p id=\"caption-attachment-728\" class=\"wp-caption-text\">uwaga! ta\u0144czymy \ud83d\ude09<\/p><\/div>\n<p>W Karlinie wielkie \u015bwi\u0119to: urodziny VII a dla MWM Koszalin baloniki\u00a0 z &#8222;2&#8221; &#8211; zata\u0144czyli\u015bmy, zaspiewali\u015bmy, nawet pokazali\u015bmy jak b\u0119dzie wygl\u0105da\u0142a nowa siedziba Wsp\u00f3lnoty. Sporo emocji a jeszcze wi\u0119cej pozytywnego szale\u0144stwa :).<\/p>\n<p>Zdj\u0119cia: pan Olek<\/p>\n<div id=\"attachment_727\" style=\"width: 310px\" class=\"wp-caption aligncenter\"><a href=\"http:\/\/wioskisos.org\/MWM\/wp-content\/uploads\/2012\/09\/DSC_0012.jpg\"><img loading=\"lazy\" decoding=\"async\" aria-describedby=\"caption-attachment-727\" class=\"size-medium wp-image-727\" title=\"w trakcie wyst\u0119pu :)\" src=\"http:\/\/wioskisos.org\/MWM\/wp-content\/uploads\/2012\/09\/DSC_0012-300x201.jpg\" alt=\"\" width=\"300\" height=\"201\" srcset=\"http:\/\/wioskisos.org\/MWM\/wp-content\/uploads\/2012\/09\/DSC_0012-300x201.jpg 300w, http:\/\/wioskisos.org\/MWM\/wp-content\/uploads\/2012\/09\/DSC_0012.jpg 640w\" sizes=\"(max-width: 300px) 100vw, 300px\" \/><\/a><p id=\"caption-attachment-727\" class=\"wp-caption-text\">w trakcie wyst\u0119pu \ud83d\ude42<\/p><\/div>\n<div id=\"attachment_729\" style=\"width: 310px\" class=\"wp-caption aligncenter\"><a href=\"http:\/\/wioskisos.org\/MWM\/wp-content\/uploads\/2012\/09\/DSC_0079.jpg\"><img loading=\"lazy\" decoding=\"async\" aria-describedby=\"caption-attachment-729\" class=\"size-medium wp-image-729\" title=\"\u015bpiewamy: &quot;Ci\u0105gle szukam swego domu...&quot;\" src=\"http:\/\/wioskisos.org\/MWM\/wp-content\/uploads\/2012\/09\/DSC_0079-300x201.jpg\" alt=\"\" width=\"300\" height=\"201\" srcset=\"http:\/\/wioskisos.org\/MWM\/wp-content\/uploads\/2012\/09\/DSC_0079-300x201.jpg 300w, http:\/\/wioskisos.org\/MWM\/wp-content\/uploads\/2012\/09\/DSC_0079.jpg 640w\" sizes=\"(max-width: 300px) 100vw, 300px\" \/><\/a><p id=\"caption-attachment-729\" class=\"wp-caption-text\">\u015bpiewamy: &quot;Ci\u0105gle szukam swego domu...&quot;<\/p><\/div>\n<div id=\"attachment_730\" style=\"width: 310px\" class=\"wp-caption aligncenter\"><a href=\"http:\/\/wioskisos.org\/MWM\/wp-content\/uploads\/2012\/09\/DSC_0095.jpg\"><img loading=\"lazy\" decoding=\"async\" aria-describedby=\"caption-attachment-730\" class=\"size-medium wp-image-730\" title=\"teraz Syku i Karol - tekst i muzyka Syku\" src=\"http:\/\/wioskisos.org\/MWM\/wp-content\/uploads\/2012\/09\/DSC_0095-300x201.jpg\" alt=\"\" width=\"300\" height=\"201\" srcset=\"http:\/\/wioskisos.org\/MWM\/wp-content\/uploads\/2012\/09\/DSC_0095-300x201.jpg 300w, http:\/\/wioskisos.org\/MWM\/wp-content\/uploads\/2012\/09\/DSC_0095.jpg 640w\" sizes=\"(max-width: 300px) 100vw, 300px\" \/><\/a><p id=\"caption-attachment-730\" class=\"wp-caption-text\">teraz Syku i Karol - tekst i muzyka Syku<\/p><\/div>\n<div id=\"attachment_731\" style=\"width: 310px\" class=\"wp-caption aligncenter\"><a href=\"http:\/\/wioskisos.org\/MWM\/wp-content\/uploads\/2012\/09\/DSC_0104.jpg\"><img loading=\"lazy\" decoding=\"async\" aria-describedby=\"caption-attachment-731\" class=\"size-medium wp-image-731\" title=\"oto wizja nowej siedziby MWM \" src=\"http:\/\/wioskisos.org\/MWM\/wp-content\/uploads\/2012\/09\/DSC_0104-300x201.jpg\" alt=\"\" width=\"300\" height=\"201\" srcset=\"http:\/\/wioskisos.org\/MWM\/wp-content\/uploads\/2012\/09\/DSC_0104-300x201.jpg 300w, http:\/\/wioskisos.org\/MWM\/wp-content\/uploads\/2012\/09\/DSC_0104.jpg 640w\" sizes=\"(max-width: 300px) 100vw, 300px\" \/><\/a><p id=\"caption-attachment-731\" class=\"wp-caption-text\">oto wizja nowej siedziby MWM <\/p><\/div>\n<div id=\"attachment_732\" style=\"width: 310px\" class=\"wp-caption aligncenter\"><a href=\"http:\/\/wioskisos.org\/MWM\/wp-content\/uploads\/2012\/09\/DSC_0113.jpg\"><img loading=\"lazy\" decoding=\"async\" aria-describedby=\"caption-attachment-732\" class=\"size-medium wp-image-732\" title=\"Karol sk\u0142ada publicznie podzi\u0119kowania swojej mamie SOS\" src=\"http:\/\/wioskisos.org\/MWM\/wp-content\/uploads\/2012\/09\/DSC_0113-300x201.jpg\" alt=\"\" width=\"300\" height=\"201\" srcset=\"http:\/\/wioskisos.org\/MWM\/wp-content\/uploads\/2012\/09\/DSC_0113-300x201.jpg 300w, http:\/\/wioskisos.org\/MWM\/wp-content\/uploads\/2012\/09\/DSC_0113.jpg 640w\" sizes=\"(max-width: 300px) 100vw, 300px\" \/><\/a><p id=\"caption-attachment-732\" class=\"wp-caption-text\">Karol sk\u0142ada publicznie podzi\u0119kowania swojej mamie SOS<\/p><\/div>\n<div id=\"attachment_733\" style=\"width: 211px\" class=\"wp-caption aligncenter\"><a href=\"http:\/\/wioskisos.org\/MWM\/wp-content\/uploads\/2012\/09\/DSC_0117.jpg\"><img loading=\"lazy\" decoding=\"async\" aria-describedby=\"caption-attachment-733\" class=\"size-medium wp-image-733\" title=\"nasza wspania\u0142a Alicja!\" src=\"http:\/\/wioskisos.org\/MWM\/wp-content\/uploads\/2012\/09\/DSC_0117-201x300.jpg\" alt=\"\" width=\"201\" height=\"300\" srcset=\"http:\/\/wioskisos.org\/MWM\/wp-content\/uploads\/2012\/09\/DSC_0117-201x300.jpg 201w, http:\/\/wioskisos.org\/MWM\/wp-content\/uploads\/2012\/09\/DSC_0117.jpg 322w\" sizes=\"(max-width: 201px) 100vw, 201px\" \/><\/a><p id=\"caption-attachment-733\" class=\"wp-caption-text\">nasza wspania\u0142a Alicja!<\/p><\/div>\n<p>&nbsp;<\/p>\n","protected":false},"excerpt":{"rendered":"<p>W Karlinie wielkie \u015bwi\u0119to: urodziny VII a dla MWM Koszalin baloniki\u00a0 z &#8222;2&#8221; &#8211; zata\u0144czyli\u015bmy, zaspiewali\u015bmy, nawet pokazali\u015bmy jak b\u0119dzie wygl\u0105da\u0142a nowa siedziba Wsp\u00f3lnoty. Sporo emocji a jeszcze wi\u0119cej pozytywnego szale\u0144stwa :). Zdj\u0119cia: pan Olek &nbsp;<\/p>\n","protected":false},"author":2,"featured_media":0,"comment_status":"open","ping_status":"open","sticky":false,"template":"","format":"standard","meta":{"footnotes":""},"categories":[1],"tags":[],"_links":{"self":[{"href":"http:\/\/wioskisos.org\/MWM\/index.php?rest_route=\/wp\/v2\/posts\/734"}],"collection":[{"href":"http:\/\/wioskisos.org\/MWM\/index.php?rest_route=\/wp\/v2\/posts"}],"about":[{"href":"http:\/\/wioskisos.org\/MWM\/index.php?rest_route=\/wp\/v2\/types\/post"}],"author":[{"embeddable":true,"href":"http:\/\/wioskisos.org\/MWM\/index.php?rest_route=\/wp\/v2\/users\/2"}],"replies":[{"embeddable":true,"href":"http:\/\/wioskisos.org\/MWM\/index.php?rest_route=%2Fwp%2Fv2%2Fcomments&post=734"}],"version-history":[{"count":1,"href":"http:\/\/wioskisos.org\/MWM\/index.php?rest_route=\/wp\/v2\/posts\/734\/revisions"}],"predecessor-version":[{"id":735,"href":"http:\/\/wioskisos.org\/MWM\/index.php?rest_route=\/wp\/v2\/posts\/734\/revisions\/735"}],"wp:attachment":[{"href":"http:\/\/wioskisos.org\/MWM\/index.php?rest_route=%2Fwp%2Fv2%2Fmedia&parent=734"}],"wp:term":[{"taxonomy":"category","embeddable":true,"href":"http:\/\/wioskisos.org\/MWM\/index.php?rest_route=%2Fwp%2Fv2%2Fcategories&post=734"},{"taxonomy":"post_tag","embeddable":true,"href":"http:\/\/wioskisos.org\/MWM\/index.php?rest_route=%2Fwp%2Fv2%2Ftags&post=734"}],"curies":[{"name":"wp","href":"https:\/\/api.w.org\/{rel}","templated":true}]}}