{"id":73,"date":"2012-03-05T20:36:20","date_gmt":"2012-03-05T20:36:20","guid":{"rendered":"http:\/\/wioskisos.org\/MWM\/?p=73"},"modified":"2012-03-05T20:38:08","modified_gmt":"2012-03-05T20:38:08","slug":"oficjalne-zakonczenie-liga-halowa-tkkf-koszalin","status":"publish","type":"post","link":"http:\/\/wioskisos.org\/MWM\/?p=73","title":{"rendered":"oficjalne zako\u0144czenie &#8211; liga halowa TKKF Koszalin"},"content":{"rendered":"<p>Mieli\u015bmy dzi\u015b przyjemno\u015b\u0107 pojawi\u0107 sie na spotkaniu wie\u0144cz\u0105cym sezon pilki no\u017cnej halowej &#8211; by\u0142y gratulacje, puchar i dyplom, ale r\u00f3wnie\u017c szczeg\u00f3lne podzi\u0119kowania za wsp\u00f3\u0142zawodnictwo w dobrej atmosferze dla naszych ch\u0142opak\u00f3w z MWM. Serdeczne podzi\u0119kowania w tym miejscu dla wiernie kibicujcej pani Ali, trenera i dru\u017cyny w sk\u0142adzie: Jarek, Sylwek, Sebastian, Tomek, Mateusz, Damian :).<\/p>\n<div id=\"attachment_71\" style=\"width: 310px\" class=\"wp-caption aligncenter\"><a href=\"http:\/\/wioskisos.org\/MWM\/wp-content\/uploads\/2012\/03\/DSC01965.jpg\"><img loading=\"lazy\" decoding=\"async\" aria-describedby=\"caption-attachment-71\" class=\"size-medium wp-image-71\" title=\":)\" src=\"http:\/\/wioskisos.org\/MWM\/wp-content\/uploads\/2012\/03\/DSC01965-300x191.jpg\" alt=\"\" width=\"300\" height=\"191\" srcset=\"http:\/\/wioskisos.org\/MWM\/wp-content\/uploads\/2012\/03\/DSC01965-300x191.jpg 300w, http:\/\/wioskisos.org\/MWM\/wp-content\/uploads\/2012\/03\/DSC01965-1024x654.jpg 1024w\" sizes=\"(max-width: 300px) 100vw, 300px\" \/><\/a><p id=\"caption-attachment-71\" class=\"wp-caption-text\">\ud83d\ude42<\/p><\/div>\n<div id=\"attachment_69\" style=\"width: 310px\" class=\"wp-caption aligncenter\"><a href=\"http:\/\/wioskisos.org\/MWM\/wp-content\/uploads\/2012\/03\/DSC01957.jpg\"><img loading=\"lazy\" decoding=\"async\" aria-describedby=\"caption-attachment-69\" class=\"size-medium wp-image-69\" title=\"puchar za udzia\u0142 :) - odbiera Jarek z pani\u0105 Alicj\u0105 \" src=\"http:\/\/wioskisos.org\/MWM\/wp-content\/uploads\/2012\/03\/DSC01957-300x168.jpg\" alt=\"\" width=\"300\" height=\"168\" srcset=\"http:\/\/wioskisos.org\/MWM\/wp-content\/uploads\/2012\/03\/DSC01957-300x168.jpg 300w, http:\/\/wioskisos.org\/MWM\/wp-content\/uploads\/2012\/03\/DSC01957-1024x575.jpg 1024w\" sizes=\"(max-width: 300px) 100vw, 300px\" \/><\/a><p id=\"caption-attachment-69\" class=\"wp-caption-text\">puchar za udzia\u0142 \ud83d\ude42 - odbiera Jarek z pani\u0105 Alicj\u0105 <\/p><\/div>\n<div id=\"attachment_70\" style=\"width: 310px\" class=\"wp-caption aligncenter\"><a href=\"http:\/\/wioskisos.org\/MWM\/wp-content\/uploads\/2012\/03\/DSC01959.jpg\"><img loading=\"lazy\" decoding=\"async\" aria-describedby=\"caption-attachment-70\" class=\"size-medium wp-image-70\" title=\"gratulacje od trenera :)\" src=\"http:\/\/wioskisos.org\/MWM\/wp-content\/uploads\/2012\/03\/DSC01959-300x168.jpg\" alt=\"\" width=\"300\" height=\"168\" srcset=\"http:\/\/wioskisos.org\/MWM\/wp-content\/uploads\/2012\/03\/DSC01959-300x168.jpg 300w, http:\/\/wioskisos.org\/MWM\/wp-content\/uploads\/2012\/03\/DSC01959-1024x575.jpg 1024w\" sizes=\"(max-width: 300px) 100vw, 300px\" \/><\/a><p id=\"caption-attachment-70\" class=\"wp-caption-text\">gratulacje od trenera \ud83d\ude42<\/p><\/div>\n<div id=\"attachment_72\" style=\"width: 310px\" class=\"wp-caption aligncenter\"><a href=\"http:\/\/wioskisos.org\/MWM\/wp-content\/uploads\/2012\/03\/DSC01972.jpg\"><img loading=\"lazy\" decoding=\"async\" aria-describedby=\"caption-attachment-72\" class=\"size-medium wp-image-72\" title=\"w m\u0119skim gronie\" src=\"http:\/\/wioskisos.org\/MWM\/wp-content\/uploads\/2012\/03\/DSC01972-300x168.jpg\" alt=\"\" width=\"300\" height=\"168\" srcset=\"http:\/\/wioskisos.org\/MWM\/wp-content\/uploads\/2012\/03\/DSC01972-300x168.jpg 300w, http:\/\/wioskisos.org\/MWM\/wp-content\/uploads\/2012\/03\/DSC01972-1024x575.jpg 1024w\" sizes=\"(max-width: 300px) 100vw, 300px\" \/><\/a><p id=\"caption-attachment-72\" class=\"wp-caption-text\">w m\u0119skim gronie<\/p><\/div>\n","protected":false},"excerpt":{"rendered":"<p>Mieli\u015bmy dzi\u015b przyjemno\u015b\u0107 pojawi\u0107 sie na spotkaniu wie\u0144cz\u0105cym sezon pilki no\u017cnej halowej &#8211; by\u0142y gratulacje, puchar i dyplom, ale r\u00f3wnie\u017c szczeg\u00f3lne podzi\u0119kowania za wsp\u00f3\u0142zawodnictwo w dobrej atmosferze dla naszych ch\u0142opak\u00f3w z MWM. Serdeczne podzi\u0119kowania w tym miejscu dla wiernie kibicujcej pani Ali, trenera i dru\u017cyny w sk\u0142adzie: Jarek, Sylwek, Sebastian, Tomek, Mateusz, Damian :).<\/p>\n","protected":false},"author":2,"featured_media":0,"comment_status":"open","ping_status":"open","sticky":false,"template":"","format":"standard","meta":{"footnotes":""},"categories":[1],"tags":[],"_links":{"self":[{"href":"http:\/\/wioskisos.org\/MWM\/index.php?rest_route=\/wp\/v2\/posts\/73"}],"collection":[{"href":"http:\/\/wioskisos.org\/MWM\/index.php?rest_route=\/wp\/v2\/posts"}],"about":[{"href":"http:\/\/wioskisos.org\/MWM\/index.php?rest_route=\/wp\/v2\/types\/post"}],"author":[{"embeddable":true,"href":"http:\/\/wioskisos.org\/MWM\/index.php?rest_route=\/wp\/v2\/users\/2"}],"replies":[{"embeddable":true,"href":"http:\/\/wioskisos.org\/MWM\/index.php?rest_route=%2Fwp%2Fv2%2Fcomments&post=73"}],"version-history":[{"count":3,"href":"http:\/\/wioskisos.org\/MWM\/index.php?rest_route=\/wp\/v2\/posts\/73\/revisions"}],"predecessor-version":[{"id":76,"href":"http:\/\/wioskisos.org\/MWM\/index.php?rest_route=\/wp\/v2\/posts\/73\/revisions\/76"}],"wp:attachment":[{"href":"http:\/\/wioskisos.org\/MWM\/index.php?rest_route=%2Fwp%2Fv2%2Fmedia&parent=73"}],"wp:term":[{"taxonomy":"category","embeddable":true,"href":"http:\/\/wioskisos.org\/MWM\/index.php?rest_route=%2Fwp%2Fv2%2Fcategories&post=73"},{"taxonomy":"post_tag","embeddable":true,"href":"http:\/\/wioskisos.org\/MWM\/index.php?rest_route=%2Fwp%2Fv2%2Ftags&post=73"}],"curies":[{"name":"wp","href":"https:\/\/api.w.org\/{rel}","templated":true}]}}