{"id":5456,"date":"2019-11-23T09:14:45","date_gmt":"2019-11-23T09:14:45","guid":{"rendered":"http:\/\/wioskisos.org\/MWM\/?p=5456"},"modified":"2019-11-23T09:14:45","modified_gmt":"2019-11-23T09:14:45","slug":"wyroznienie-z-ministerstwa-rodziny-pracy-i-polityki-spolecznej","status":"publish","type":"post","link":"http:\/\/wioskisos.org\/MWM\/?p=5456","title":{"rendered":"Wyr\u00f3\u017cnienie z Ministerstwa Rodziny, Pracy i Polityki Spo\u0142ecznej"},"content":{"rendered":"<p><strong><\/strong><\/p>\n<div dir=\"auto\">Drodzy ?<\/div>\n<div id=\"x_ms-outlook-mobile-signature\" dir=\"auto\">\n<div dir=\"auto\">W imieniu Dyrektora oraz ca\u0142ego Zespo\u0142u chcieliby\u015bmy podzieli\u0107 si\u0119 z Wami wyr\u00f3\u017cnieniem z Ministerstwa Rodziny, Pracy i Polityki Spo\u0142ecznej. W dniu 22.11.2019 otrzymali\u015bmy Odznak\u0119 Honorow\u0105 Primus In Agendo w uznaniu za zas\u0142ugi dla Pracownik\u00f3w Programu SOS Wiosek Dzieci\u0119cych Karlino.<\/div>\n<div dir=\"auto\">Odznaka jest wyrazem uznania\u00a0 dla aktywnej, pe\u0142nej zaanga\u017cowania i oddania postawy, wyr\u00f3\u017cnionego, najciekawszych i najbardziej warto\u015bciowych inicjatyw, nowatorskich osi\u0105gn\u0105\u0107 oraz innowacyjnych projekt\u00f3w a tak\u017ce rzetelno\u015bci i ofiarno\u015bci w podejmowanych dzia\u0142aniach. ? Pozdrawiam M. Ko\u0142odziejczak<\/div>\n<\/div>\n<div dir=\"auto\"><a href=\"http:\/\/wioskisos.org\/MWM\/wp-content\/uploads\/2019\/11\/20191122_111409-e1574500243593.jpg\"><img loading=\"lazy\" decoding=\"async\" class=\"alignnone size-medium wp-image-5457\" src=\"http:\/\/wioskisos.org\/MWM\/wp-content\/uploads\/2019\/11\/20191122_111409-e1574500243593-146x300.jpg\" alt=\"20191122_111409\" width=\"146\" height=\"300\" srcset=\"http:\/\/wioskisos.org\/MWM\/wp-content\/uploads\/2019\/11\/20191122_111409-e1574500243593-146x300.jpg 146w, http:\/\/wioskisos.org\/MWM\/wp-content\/uploads\/2019\/11\/20191122_111409-e1574500243593-498x1024.jpg 498w, http:\/\/wioskisos.org\/MWM\/wp-content\/uploads\/2019\/11\/20191122_111409-e1574500243593.jpg 1960w\" sizes=\"(max-width: 146px) 100vw, 146px\" \/><\/a> <a href=\"http:\/\/wioskisos.org\/MWM\/wp-content\/uploads\/2019\/11\/222.jpg\"><img loading=\"lazy\" decoding=\"async\" class=\"alignnone size-medium wp-image-5458\" src=\"http:\/\/wioskisos.org\/MWM\/wp-content\/uploads\/2019\/11\/222-300x146.jpg\" alt=\"222\" width=\"300\" height=\"146\" srcset=\"http:\/\/wioskisos.org\/MWM\/wp-content\/uploads\/2019\/11\/222-300x146.jpg 300w, http:\/\/wioskisos.org\/MWM\/wp-content\/uploads\/2019\/11\/222-1024x498.jpg 1024w\" sizes=\"(max-width: 300px) 100vw, 300px\" \/><\/a> <a href=\"http:\/\/wioskisos.org\/MWM\/wp-content\/uploads\/2019\/11\/20191122_123708-1-e1574500458104.jpg\"><img loading=\"lazy\" decoding=\"async\" class=\"alignnone size-medium wp-image-5459\" src=\"http:\/\/wioskisos.org\/MWM\/wp-content\/uploads\/2019\/11\/20191122_123708-1-e1574500458104-146x300.jpg\" alt=\"20191122_123708 (1)\" width=\"146\" height=\"300\" srcset=\"http:\/\/wioskisos.org\/MWM\/wp-content\/uploads\/2019\/11\/20191122_123708-1-e1574500458104-146x300.jpg 146w, http:\/\/wioskisos.org\/MWM\/wp-content\/uploads\/2019\/11\/20191122_123708-1-e1574500458104-498x1024.jpg 498w, http:\/\/wioskisos.org\/MWM\/wp-content\/uploads\/2019\/11\/20191122_123708-1-e1574500458104.jpg 1960w\" sizes=\"(max-width: 146px) 100vw, 146px\" \/><\/a><\/div>\n","protected":false},"excerpt":{"rendered":"<p>Drodzy ? W imieniu Dyrektora oraz ca\u0142ego Zespo\u0142u chcieliby\u015bmy podzieli\u0107 si\u0119 z Wami wyr\u00f3\u017cnieniem z Ministerstwa Rodziny, Pracy i Polityki Spo\u0142ecznej. W dniu 22.11.2019 otrzymali\u015bmy Odznak\u0119 Honorow\u0105 Primus In Agendo w uznaniu za zas\u0142ugi dla Pracownik\u00f3w Programu SOS Wiosek Dzieci\u0119cych Karlino. Odznaka jest wyrazem uznania\u00a0 dla aktywnej, pe\u0142nej zaanga\u017cowania i oddania postawy, wyr\u00f3\u017cnionego, najciekawszych i [&hellip;]<\/p>\n","protected":false},"author":2,"featured_media":0,"comment_status":"open","ping_status":"open","sticky":false,"template":"","format":"standard","meta":{"footnotes":""},"categories":[1],"tags":[],"_links":{"self":[{"href":"http:\/\/wioskisos.org\/MWM\/index.php?rest_route=\/wp\/v2\/posts\/5456"}],"collection":[{"href":"http:\/\/wioskisos.org\/MWM\/index.php?rest_route=\/wp\/v2\/posts"}],"about":[{"href":"http:\/\/wioskisos.org\/MWM\/index.php?rest_route=\/wp\/v2\/types\/post"}],"author":[{"embeddable":true,"href":"http:\/\/wioskisos.org\/MWM\/index.php?rest_route=\/wp\/v2\/users\/2"}],"replies":[{"embeddable":true,"href":"http:\/\/wioskisos.org\/MWM\/index.php?rest_route=%2Fwp%2Fv2%2Fcomments&post=5456"}],"version-history":[{"count":2,"href":"http:\/\/wioskisos.org\/MWM\/index.php?rest_route=\/wp\/v2\/posts\/5456\/revisions"}],"predecessor-version":[{"id":5461,"href":"http:\/\/wioskisos.org\/MWM\/index.php?rest_route=\/wp\/v2\/posts\/5456\/revisions\/5461"}],"wp:attachment":[{"href":"http:\/\/wioskisos.org\/MWM\/index.php?rest_route=%2Fwp%2Fv2%2Fmedia&parent=5456"}],"wp:term":[{"taxonomy":"category","embeddable":true,"href":"http:\/\/wioskisos.org\/MWM\/index.php?rest_route=%2Fwp%2Fv2%2Fcategories&post=5456"},{"taxonomy":"post_tag","embeddable":true,"href":"http:\/\/wioskisos.org\/MWM\/index.php?rest_route=%2Fwp%2Fv2%2Ftags&post=5456"}],"curies":[{"name":"wp","href":"https:\/\/api.w.org\/{rel}","templated":true}]}}