{"id":5417,"date":"2019-10-21T20:28:04","date_gmt":"2019-10-21T20:28:04","guid":{"rendered":"http:\/\/wioskisos.org\/MWM\/?p=5417"},"modified":"2019-10-21T20:28:04","modified_gmt":"2019-10-21T20:28:04","slug":"rusza-projekt-moj-sposob-na-prace-kompleksowe-wsparcie-osob-mlodych-z-terenu-calej-polski","status":"publish","type":"post","link":"http:\/\/wioskisos.org\/MWM\/?p=5417","title":{"rendered":"Rusza Projekt &#8222;M\u00f3j spos\u00f3b na prac\u0119! Kompleksowe wsparcie os\u00f3b m\u0142odych z terenu ca\u0142ej Polski&#8221;"},"content":{"rendered":"<p>W MWM Koszalin odby\u0142o si\u0119 pierwsze spotkanie m\u0142odzie\u017cy z przedstawicielem projektu. G\u0142\u00f3wnym jego za\u0142o\u017ceniem jest zwi\u0119kszenie szansy na zatrudnienie m\u0142odych os\u00f3b, pozostaj\u0105cych bez pracy dzi\u0119ki ca\u0142o\u015bciowej aktywizacji zawodowo-edukacyjnej. W trakcie trwania projektu realizowane b\u0119d\u0105 m.in warsztaty aktywnego poszukiwania pracy, poradnictwo psychospo\u0142eczne, szkolenia zawodowe. M\u0142odzi uczestnicy projektu, w ramach jego za\u0142o\u017ce\u0144 b\u0119d\u0105 mieli okazj\u0119 do realizacji sta\u017cy. Projekt oferuje tak\u017ce pomoc w po\u015brednictwie pracy.\u00a0<a href=\"http:\/\/wioskisos.org\/MWM\/wp-content\/uploads\/2019\/10\/Obraz-20.jpg\"><img loading=\"lazy\" decoding=\"async\" class=\"alignnone size-medium wp-image-5418\" src=\"http:\/\/wioskisos.org\/MWM\/wp-content\/uploads\/2019\/10\/Obraz-20-218x300.jpg\" alt=\"Obraz (20)\" width=\"218\" height=\"300\" srcset=\"http:\/\/wioskisos.org\/MWM\/wp-content\/uploads\/2019\/10\/Obraz-20-218x300.jpg 218w, http:\/\/wioskisos.org\/MWM\/wp-content\/uploads\/2019\/10\/Obraz-20-745x1024.jpg 745w, http:\/\/wioskisos.org\/MWM\/wp-content\/uploads\/2019\/10\/Obraz-20.jpg 1700w\" sizes=\"(max-width: 218px) 100vw, 218px\" \/><\/a><\/p>\n","protected":false},"excerpt":{"rendered":"<p>W MWM Koszalin odby\u0142o si\u0119 pierwsze spotkanie m\u0142odzie\u017cy z przedstawicielem projektu. G\u0142\u00f3wnym jego za\u0142o\u017ceniem jest zwi\u0119kszenie szansy na zatrudnienie m\u0142odych os\u00f3b, pozostaj\u0105cych bez pracy dzi\u0119ki ca\u0142o\u015bciowej aktywizacji zawodowo-edukacyjnej. W trakcie trwania projektu realizowane b\u0119d\u0105 m.in warsztaty aktywnego poszukiwania pracy, poradnictwo psychospo\u0142eczne, szkolenia zawodowe. M\u0142odzi uczestnicy projektu, w ramach jego za\u0142o\u017ce\u0144 b\u0119d\u0105 mieli okazj\u0119 do realizacji [&hellip;]<\/p>\n","protected":false},"author":2,"featured_media":0,"comment_status":"open","ping_status":"open","sticky":false,"template":"","format":"standard","meta":{"footnotes":""},"categories":[1],"tags":[],"_links":{"self":[{"href":"http:\/\/wioskisos.org\/MWM\/index.php?rest_route=\/wp\/v2\/posts\/5417"}],"collection":[{"href":"http:\/\/wioskisos.org\/MWM\/index.php?rest_route=\/wp\/v2\/posts"}],"about":[{"href":"http:\/\/wioskisos.org\/MWM\/index.php?rest_route=\/wp\/v2\/types\/post"}],"author":[{"embeddable":true,"href":"http:\/\/wioskisos.org\/MWM\/index.php?rest_route=\/wp\/v2\/users\/2"}],"replies":[{"embeddable":true,"href":"http:\/\/wioskisos.org\/MWM\/index.php?rest_route=%2Fwp%2Fv2%2Fcomments&post=5417"}],"version-history":[{"count":2,"href":"http:\/\/wioskisos.org\/MWM\/index.php?rest_route=\/wp\/v2\/posts\/5417\/revisions"}],"predecessor-version":[{"id":5427,"href":"http:\/\/wioskisos.org\/MWM\/index.php?rest_route=\/wp\/v2\/posts\/5417\/revisions\/5427"}],"wp:attachment":[{"href":"http:\/\/wioskisos.org\/MWM\/index.php?rest_route=%2Fwp%2Fv2%2Fmedia&parent=5417"}],"wp:term":[{"taxonomy":"category","embeddable":true,"href":"http:\/\/wioskisos.org\/MWM\/index.php?rest_route=%2Fwp%2Fv2%2Fcategories&post=5417"},{"taxonomy":"post_tag","embeddable":true,"href":"http:\/\/wioskisos.org\/MWM\/index.php?rest_route=%2Fwp%2Fv2%2Ftags&post=5417"}],"curies":[{"name":"wp","href":"https:\/\/api.w.org\/{rel}","templated":true}]}}