{"id":509,"date":"2012-06-24T13:25:45","date_gmt":"2012-06-24T13:25:45","guid":{"rendered":"http:\/\/wioskisos.org\/MWM\/?p=509"},"modified":"2012-11-09T08:09:00","modified_gmt":"2012-11-09T08:09:00","slug":"509","status":"publish","type":"post","link":"http:\/\/wioskisos.org\/MWM\/?p=509","title":{"rendered":"SOS-Kinder-und Jugendkonferenz"},"content":{"rendered":"<div id=\"attachment_501\" style=\"width: 310px\" class=\"wp-caption aligncenter\"><a href=\"http:\/\/wioskisos.org\/MWM\/wp-content\/uploads\/2012\/06\/DSC05234.jpg\"><img loading=\"lazy\" decoding=\"async\" aria-describedby=\"caption-attachment-501\" class=\"size-medium wp-image-501\" title=\"kids...\" src=\"http:\/\/wioskisos.org\/MWM\/wp-content\/uploads\/2012\/06\/DSC05234-300x168.jpg\" alt=\"\" width=\"300\" height=\"168\" srcset=\"http:\/\/wioskisos.org\/MWM\/wp-content\/uploads\/2012\/06\/DSC05234-300x168.jpg 300w, http:\/\/wioskisos.org\/MWM\/wp-content\/uploads\/2012\/06\/DSC05234-1024x575.jpg 1024w\" sizes=\"(max-width: 300px) 100vw, 300px\" \/><\/a><p id=\"caption-attachment-501\" class=\"wp-caption-text\">kids...<\/p><\/div>\n<p>Jarek, Sebastian i Krzysiek pojechali do Berlina do tamtejszej Wioski Dzieci\u0119cej na kilkudniow\u0105 konferencj\u0119 &#8211; du\u017co workshop\u00f3w, dobrej zabawy, nowych relacji &#8211; \u015bwietna organizacja i du\u017co atrakcji. Ekip\u0105 z MWM zajmowa\u0142a si\u0119 pani Edyta &#8211; pedagog z WD Karlino, t\u0142umaczy\u0142a Magda z Berlina (pochodzi z Polski, ale wychowa\u0142a si\u0119 w Berlinie) a pani Marta z pani\u0105 Alicj\u0105 w ostatni dzie\u0144 odwiedzi\u0142y ch\u0142opc\u00f3w, by zobaczy\u0107 jak si\u0119 czuj\u0105&#8230;<\/p>\n<p><a href=\"http:\/\/www.youtube.com\/watch?v=FXCDDRBGycU\" onclick=\"__gaTracker('send', 'event', 'outbound-article', 'http:\/\/www.youtube.com\/watch?v=FXCDDRBGycU', 'http:\/\/www.youtube.com\/watch?v=FXCDDRBGycU');\">http:\/\/www.youtube.com\/watch?v=FXCDDRBGycU<\/a><\/p>\n<div id=\"attachment_500\" style=\"width: 310px\" class=\"wp-caption aligncenter\"><a href=\"http:\/\/wioskisos.org\/MWM\/wp-content\/uploads\/2012\/06\/DSC05229.jpg\"><img loading=\"lazy\" decoding=\"async\" aria-describedby=\"caption-attachment-500\" class=\"size-medium wp-image-500\" title=\"w SOS Berlin :)\" src=\"http:\/\/wioskisos.org\/MWM\/wp-content\/uploads\/2012\/06\/DSC05229-300x168.jpg\" alt=\"\" width=\"300\" height=\"168\" srcset=\"http:\/\/wioskisos.org\/MWM\/wp-content\/uploads\/2012\/06\/DSC05229-300x168.jpg 300w, http:\/\/wioskisos.org\/MWM\/wp-content\/uploads\/2012\/06\/DSC05229-1024x575.jpg 1024w\" sizes=\"(max-width: 300px) 100vw, 300px\" \/><\/a><p id=\"caption-attachment-500\" class=\"wp-caption-text\">w SOS Berlin \ud83d\ude42<\/p><\/div>\n<div id=\"attachment_502\" style=\"width: 310px\" class=\"wp-caption aligncenter\"><a href=\"http:\/\/wioskisos.org\/MWM\/wp-content\/uploads\/2012\/06\/DSC05245.jpg\"><img loading=\"lazy\" decoding=\"async\" aria-describedby=\"caption-attachment-502\" class=\"size-medium wp-image-502\" title=\"i pani Marta \u015bpiewa...\" src=\"http:\/\/wioskisos.org\/MWM\/wp-content\/uploads\/2012\/06\/DSC05245-300x168.jpg\" alt=\"\" width=\"300\" height=\"168\" srcset=\"http:\/\/wioskisos.org\/MWM\/wp-content\/uploads\/2012\/06\/DSC05245-300x168.jpg 300w, http:\/\/wioskisos.org\/MWM\/wp-content\/uploads\/2012\/06\/DSC05245-1024x575.jpg 1024w\" sizes=\"(max-width: 300px) 100vw, 300px\" \/><\/a><p id=\"caption-attachment-502\" class=\"wp-caption-text\">i pani Marta \u015bpiewa...<\/p><\/div>\n","protected":false},"excerpt":{"rendered":"<p>Jarek, Sebastian i Krzysiek pojechali do Berlina do tamtejszej Wioski Dzieci\u0119cej na kilkudniow\u0105 konferencj\u0119 &#8211; du\u017co workshop\u00f3w, dobrej zabawy, nowych relacji &#8211; \u015bwietna organizacja i du\u017co atrakcji. Ekip\u0105 z MWM zajmowa\u0142a si\u0119 pani Edyta &#8211; pedagog z WD Karlino, t\u0142umaczy\u0142a Magda z Berlina (pochodzi z Polski, ale wychowa\u0142a si\u0119 w Berlinie) a pani Marta z [&hellip;]<\/p>\n","protected":false},"author":2,"featured_media":0,"comment_status":"open","ping_status":"open","sticky":false,"template":"","format":"standard","meta":{"footnotes":""},"categories":[1],"tags":[],"_links":{"self":[{"href":"http:\/\/wioskisos.org\/MWM\/index.php?rest_route=\/wp\/v2\/posts\/509"}],"collection":[{"href":"http:\/\/wioskisos.org\/MWM\/index.php?rest_route=\/wp\/v2\/posts"}],"about":[{"href":"http:\/\/wioskisos.org\/MWM\/index.php?rest_route=\/wp\/v2\/types\/post"}],"author":[{"embeddable":true,"href":"http:\/\/wioskisos.org\/MWM\/index.php?rest_route=\/wp\/v2\/users\/2"}],"replies":[{"embeddable":true,"href":"http:\/\/wioskisos.org\/MWM\/index.php?rest_route=%2Fwp%2Fv2%2Fcomments&post=509"}],"version-history":[{"count":4,"href":"http:\/\/wioskisos.org\/MWM\/index.php?rest_route=\/wp\/v2\/posts\/509\/revisions"}],"predecessor-version":[{"id":826,"href":"http:\/\/wioskisos.org\/MWM\/index.php?rest_route=\/wp\/v2\/posts\/509\/revisions\/826"}],"wp:attachment":[{"href":"http:\/\/wioskisos.org\/MWM\/index.php?rest_route=%2Fwp%2Fv2%2Fmedia&parent=509"}],"wp:term":[{"taxonomy":"category","embeddable":true,"href":"http:\/\/wioskisos.org\/MWM\/index.php?rest_route=%2Fwp%2Fv2%2Fcategories&post=509"},{"taxonomy":"post_tag","embeddable":true,"href":"http:\/\/wioskisos.org\/MWM\/index.php?rest_route=%2Fwp%2Fv2%2Ftags&post=509"}],"curies":[{"name":"wp","href":"https:\/\/api.w.org\/{rel}","templated":true}]}}