{"id":4750,"date":"2018-09-13T04:59:18","date_gmt":"2018-09-13T04:59:18","guid":{"rendered":"http:\/\/wioskisos.org\/MWM\/?p=4750"},"modified":"2018-09-13T04:59:18","modified_gmt":"2018-09-13T04:59:18","slug":"integracja-ty-i-ja-2018","status":"publish","type":"post","link":"http:\/\/wioskisos.org\/MWM\/?p=4750","title":{"rendered":"&#8222;Integracja Ty i Ja&#8221; 2018"},"content":{"rendered":"<p style=\"text-align: justify;\"><span style=\"color: #000000; font-family: Calibri; font-size: medium;\">Podczas tegorocznej edycji festiwalu filmowego \u201eIntegracja Ty i Ja\u201d, kt\u00f3ry odby\u0142 si\u0119 w Koszalinie, m\u0142odzie\u017c z naszej Wsp\u00f3lnoty mia\u0142a w nim sw\u00f3j udzia\u0142. Sta\u0142o si\u0119 tak za po\u015brednictwem Natalii, kt\u00f3ra zg\u0142osi\u0142a si\u0119 do pomocy jako wolontariuszka. Na zdj\u0119ciu widoczna z jednym z aktor\u00f3w zasiadaj\u0105cych w jury. Szczytna idea festiwalu obejmuje swoj\u0105 tematyk\u0105 problem integracji z osobami niepe\u0142nosprawnymi. Prezentowane obrazy ukazuj\u0105 \u017cycie os\u00f3b zagro\u017conych wykluczeniem spo\u0142ecznym, uwra\u017cliwiaj\u0105 na problemy niepe\u0142nosprawnych.<\/span><\/p>\n\n\t\t<style type=\"text\/css\">\n\t\t\t#gallery-1 {\n\t\t\t\tmargin: auto;\n\t\t\t}\n\t\t\t#gallery-1 .gallery-item {\n\t\t\t\tfloat: left;\n\t\t\t\tmargin-top: 10px;\n\t\t\t\ttext-align: center;\n\t\t\t\twidth: 33%;\n\t\t\t}\n\t\t\t#gallery-1 img {\n\t\t\t\tborder: 2px solid #cfcfcf;\n\t\t\t}\n\t\t\t#gallery-1 .gallery-caption {\n\t\t\t\tmargin-left: 0;\n\t\t\t}\n\t\t\t\/* see gallery_shortcode() in wp-includes\/media.php *\/\n\t\t<\/style>\n\t\t<div id='gallery-1' class='gallery galleryid-4750 gallery-columns-3 gallery-size-thumbnail'><dl class='gallery-item'>\n\t\t\t<dt class='gallery-icon portrait'>\n\t\t\t\t<a href='http:\/\/wioskisos.org\/MWM\/?attachment_id=4751'><img loading=\"lazy\" decoding=\"async\" width=\"150\" height=\"150\" src=\"http:\/\/wioskisos.org\/MWM\/wp-content\/uploads\/2018\/09\/integr1-001-150x150.png\" class=\"attachment-thumbnail size-thumbnail\" alt=\"\" \/><\/a>\n\t\t\t<\/dt><\/dl><dl class='gallery-item'>\n\t\t\t<dt class='gallery-icon landscape'>\n\t\t\t\t<a href='http:\/\/wioskisos.org\/MWM\/?attachment_id=4752'><img loading=\"lazy\" decoding=\"async\" width=\"150\" height=\"150\" src=\"http:\/\/wioskisos.org\/MWM\/wp-content\/uploads\/2018\/09\/integr2-002-150x150.png\" class=\"attachment-thumbnail size-thumbnail\" alt=\"\" \/><\/a>\n\t\t\t<\/dt><\/dl><dl class='gallery-item'>\n\t\t\t<dt class='gallery-icon landscape'>\n\t\t\t\t<a href='http:\/\/wioskisos.org\/MWM\/?attachment_id=4753'><img loading=\"lazy\" decoding=\"async\" width=\"150\" height=\"150\" src=\"http:\/\/wioskisos.org\/MWM\/wp-content\/uploads\/2018\/09\/integr3-003-150x150.png\" class=\"attachment-thumbnail size-thumbnail\" alt=\"\" \/><\/a>\n\t\t\t<\/dt><\/dl><br style=\"clear: both\" \/>\n\t\t<\/div>\n\n<p style=\"text-align: justify;\">\n","protected":false},"excerpt":{"rendered":"<p>Podczas tegorocznej edycji festiwalu filmowego \u201eIntegracja Ty i Ja\u201d, kt\u00f3ry odby\u0142 si\u0119 w Koszalinie, m\u0142odzie\u017c z naszej Wsp\u00f3lnoty mia\u0142a w nim sw\u00f3j udzia\u0142. Sta\u0142o si\u0119 tak za po\u015brednictwem Natalii, kt\u00f3ra zg\u0142osi\u0142a si\u0119 do pomocy jako wolontariuszka. Na zdj\u0119ciu widoczna z jednym z aktor\u00f3w zasiadaj\u0105cych w jury. Szczytna idea festiwalu obejmuje swoj\u0105 tematyk\u0105 problem integracji z [&hellip;]<\/p>\n","protected":false},"author":2,"featured_media":0,"comment_status":"open","ping_status":"open","sticky":false,"template":"","format":"standard","meta":{"footnotes":""},"categories":[1],"tags":[],"_links":{"self":[{"href":"http:\/\/wioskisos.org\/MWM\/index.php?rest_route=\/wp\/v2\/posts\/4750"}],"collection":[{"href":"http:\/\/wioskisos.org\/MWM\/index.php?rest_route=\/wp\/v2\/posts"}],"about":[{"href":"http:\/\/wioskisos.org\/MWM\/index.php?rest_route=\/wp\/v2\/types\/post"}],"author":[{"embeddable":true,"href":"http:\/\/wioskisos.org\/MWM\/index.php?rest_route=\/wp\/v2\/users\/2"}],"replies":[{"embeddable":true,"href":"http:\/\/wioskisos.org\/MWM\/index.php?rest_route=%2Fwp%2Fv2%2Fcomments&post=4750"}],"version-history":[{"count":1,"href":"http:\/\/wioskisos.org\/MWM\/index.php?rest_route=\/wp\/v2\/posts\/4750\/revisions"}],"predecessor-version":[{"id":4754,"href":"http:\/\/wioskisos.org\/MWM\/index.php?rest_route=\/wp\/v2\/posts\/4750\/revisions\/4754"}],"wp:attachment":[{"href":"http:\/\/wioskisos.org\/MWM\/index.php?rest_route=%2Fwp%2Fv2%2Fmedia&parent=4750"}],"wp:term":[{"taxonomy":"category","embeddable":true,"href":"http:\/\/wioskisos.org\/MWM\/index.php?rest_route=%2Fwp%2Fv2%2Fcategories&post=4750"},{"taxonomy":"post_tag","embeddable":true,"href":"http:\/\/wioskisos.org\/MWM\/index.php?rest_route=%2Fwp%2Fv2%2Ftags&post=4750"}],"curies":[{"name":"wp","href":"https:\/\/api.w.org\/{rel}","templated":true}]}}