{"id":4419,"date":"2018-05-11T21:15:24","date_gmt":"2018-05-11T21:15:24","guid":{"rendered":"http:\/\/wioskisos.org\/MWM\/?p=4419"},"modified":"2018-05-11T21:15:24","modified_gmt":"2018-05-11T21:15:24","slug":"ix-mistrzostwa-dzieci-z-domow-dziecka-w-pilce-noznej","status":"publish","type":"post","link":"http:\/\/wioskisos.org\/MWM\/?p=4419","title":{"rendered":"IX Mistrzostwa Dzieci z Dom\u00f3w Dziecka w Pi\u0142ce No\u017cnej"},"content":{"rendered":"<p style=\"text-align: justify;\"><span style=\"color: #000000; font-family: Calibri; font-size: medium;\">W sobot\u0119 28 kwietnia zako\u0144czy\u0142y si\u0119 IX Mistrzostwa Polski Dzieci z Dom\u00f3w Dziecka w Pi\u0142ce No\u017cnej. Po zaci\u0119tych zmaganiach puchar Mistrza Polski trafi\u0142 do dru\u017cyny Sternika z plac\u00f3wki opieku\u0144czo-wychowawczej w Szczecinie. Wszystkie 40 dru\u017cyn bior\u0105cych udzia\u0142 w turnieju pokaza\u0142o wielk\u0105 pasj\u0119 do pi\u0142ki i ogromn\u0105 przyjemno\u015b\u0107 p\u0142yn\u0105c\u0105 z gry. Atmosfera turnieju by\u0142a niezwyk\u0142a \u2013 nie da si\u0119 zapomnie\u0107 wielkiej rado\u015bci blisko 400 zawodnik\u00f3w, kt\u00f3rzy na Mistrzostwa czekali przez ca\u0142y rok. <span style=\"color: #000000; font-family: Calibri; font-size: medium;\">Nasz podopieczny Grzegorz ze swoj\u0105 dru\u017cyn\u0105 reprezentuj\u0105c\u0105 Stowarzyszenie SOS Wioski Dzieci\u0119ce w Polsce zaj\u0119li II miejsce a sam Grze\u015b zosta\u0142 powo\u0142any do sk\u0142adu kadry reprezentacji Polski, kt\u00f3ra zagra podczas VI Mistrzostw \u015awiata Dzieci z Dom\u00f3w Dziecka w Pi\u0142ce No\u017cnej, odbywaj\u0105cych si\u0119 w dn. 28-29 lipca b.r. na Stadionie Miejskim Legii Warszawa im. Marsza\u0142ka J\u00f3zefa Pi\u0142sudskiego. <span style=\"color: #000000; font-family: Calibri; font-size: medium;\">Powo\u0142anie do kadry otrzyma\u0142o 15 najlepszych zawodnik\u00f3w, kt\u00f3rzy od razu po Mistrzostwach wyjechali na trwaj\u0105cy tydzie\u0144 ob\u00f3z treningowy. Z nich zostanie wy\u0142oniona dziesi\u0105tka reprezentant\u00f3w Polski, kt\u00f3ra w lipcu wybiegnie na muraw\u0119 Legii w bia\u0142o-czerwonych barwach. <span style=\"color: #000000; font-family: Calibri; font-size: medium;\">Bravo Grze\u015b!!!<\/span><\/span><\/span><\/span><\/p>\n\n\t\t<style type=\"text\/css\">\n\t\t\t#gallery-1 {\n\t\t\t\tmargin: auto;\n\t\t\t}\n\t\t\t#gallery-1 .gallery-item {\n\t\t\t\tfloat: left;\n\t\t\t\tmargin-top: 10px;\n\t\t\t\ttext-align: center;\n\t\t\t\twidth: 33%;\n\t\t\t}\n\t\t\t#gallery-1 img {\n\t\t\t\tborder: 2px solid #cfcfcf;\n\t\t\t}\n\t\t\t#gallery-1 .gallery-caption {\n\t\t\t\tmargin-left: 0;\n\t\t\t}\n\t\t\t\/* see gallery_shortcode() in wp-includes\/media.php *\/\n\t\t<\/style>\n\t\t<div id='gallery-1' class='gallery galleryid-4419 gallery-columns-3 gallery-size-thumbnail'><dl class='gallery-item'>\n\t\t\t<dt class='gallery-icon landscape'>\n\t\t\t\t<a href='http:\/\/wioskisos.org\/MWM\/?attachment_id=4420'><img loading=\"lazy\" decoding=\"async\" width=\"150\" height=\"150\" src=\"http:\/\/wioskisos.org\/MWM\/wp-content\/uploads\/2018\/05\/180428PYK176-003-150x150.jpg\" class=\"attachment-thumbnail size-thumbnail\" alt=\"\" \/><\/a>\n\t\t\t<\/dt><\/dl><dl class='gallery-item'>\n\t\t\t<dt class='gallery-icon landscape'>\n\t\t\t\t<a href='http:\/\/wioskisos.org\/MWM\/?attachment_id=4421'><img loading=\"lazy\" decoding=\"async\" width=\"150\" height=\"150\" src=\"http:\/\/wioskisos.org\/MWM\/wp-content\/uploads\/2018\/05\/180428PYK227-300x200-004-150x150.jpg\" class=\"attachment-thumbnail size-thumbnail\" alt=\"\" \/><\/a>\n\t\t\t<\/dt><\/dl><dl class='gallery-item'>\n\t\t\t<dt class='gallery-icon landscape'>\n\t\t\t\t<a href='http:\/\/wioskisos.org\/MWM\/?attachment_id=4422'><img loading=\"lazy\" decoding=\"async\" width=\"150\" height=\"150\" src=\"http:\/\/wioskisos.org\/MWM\/wp-content\/uploads\/2018\/05\/180428PYK265-250x250-005-150x150.jpg\" class=\"attachment-thumbnail size-thumbnail\" alt=\"\" srcset=\"http:\/\/wioskisos.org\/MWM\/wp-content\/uploads\/2018\/05\/180428PYK265-250x250-005-150x150.jpg 150w, http:\/\/wioskisos.org\/MWM\/wp-content\/uploads\/2018\/05\/180428PYK265-250x250-005-300x300.jpg 300w, http:\/\/wioskisos.org\/MWM\/wp-content\/uploads\/2018\/05\/180428PYK265-250x250-005.jpg 400w\" sizes=\"(max-width: 150px) 100vw, 150px\" \/><\/a>\n\t\t\t<\/dt><\/dl><br style=\"clear: both\" \/><dl class='gallery-item'>\n\t\t\t<dt class='gallery-icon landscape'>\n\t\t\t\t<a href='http:\/\/wioskisos.org\/MWM\/?attachment_id=4423'><img loading=\"lazy\" decoding=\"async\" width=\"150\" height=\"150\" src=\"http:\/\/wioskisos.org\/MWM\/wp-content\/uploads\/2018\/05\/IMG_2526-001-150x150.jpg\" class=\"attachment-thumbnail size-thumbnail\" alt=\"\" \/><\/a>\n\t\t\t<\/dt><\/dl><dl class='gallery-item'>\n\t\t\t<dt class='gallery-icon landscape'>\n\t\t\t\t<a href='http:\/\/wioskisos.org\/MWM\/?attachment_id=4424'><img loading=\"lazy\" decoding=\"async\" width=\"150\" height=\"150\" src=\"http:\/\/wioskisos.org\/MWM\/wp-content\/uploads\/2018\/05\/IMG_2528-002-150x150.jpg\" class=\"attachment-thumbnail size-thumbnail\" alt=\"\" \/><\/a>\n\t\t\t<\/dt><\/dl>\n\t\t\t<br style='clear: both' \/>\n\t\t<\/div>\n\n<p>&nbsp;<\/p>\n","protected":false},"excerpt":{"rendered":"<p>W sobot\u0119 28 kwietnia zako\u0144czy\u0142y si\u0119 IX Mistrzostwa Polski Dzieci z Dom\u00f3w Dziecka w Pi\u0142ce No\u017cnej. Po zaci\u0119tych zmaganiach puchar Mistrza Polski trafi\u0142 do dru\u017cyny Sternika z plac\u00f3wki opieku\u0144czo-wychowawczej w Szczecinie. Wszystkie 40 dru\u017cyn bior\u0105cych udzia\u0142 w turnieju pokaza\u0142o wielk\u0105 pasj\u0119 do pi\u0142ki i ogromn\u0105 przyjemno\u015b\u0107 p\u0142yn\u0105c\u0105 z gry. Atmosfera turnieju by\u0142a niezwyk\u0142a \u2013 nie [&hellip;]<\/p>\n","protected":false},"author":2,"featured_media":0,"comment_status":"open","ping_status":"open","sticky":false,"template":"","format":"standard","meta":{"footnotes":""},"categories":[1],"tags":[],"_links":{"self":[{"href":"http:\/\/wioskisos.org\/MWM\/index.php?rest_route=\/wp\/v2\/posts\/4419"}],"collection":[{"href":"http:\/\/wioskisos.org\/MWM\/index.php?rest_route=\/wp\/v2\/posts"}],"about":[{"href":"http:\/\/wioskisos.org\/MWM\/index.php?rest_route=\/wp\/v2\/types\/post"}],"author":[{"embeddable":true,"href":"http:\/\/wioskisos.org\/MWM\/index.php?rest_route=\/wp\/v2\/users\/2"}],"replies":[{"embeddable":true,"href":"http:\/\/wioskisos.org\/MWM\/index.php?rest_route=%2Fwp%2Fv2%2Fcomments&post=4419"}],"version-history":[{"count":1,"href":"http:\/\/wioskisos.org\/MWM\/index.php?rest_route=\/wp\/v2\/posts\/4419\/revisions"}],"predecessor-version":[{"id":4425,"href":"http:\/\/wioskisos.org\/MWM\/index.php?rest_route=\/wp\/v2\/posts\/4419\/revisions\/4425"}],"wp:attachment":[{"href":"http:\/\/wioskisos.org\/MWM\/index.php?rest_route=%2Fwp%2Fv2%2Fmedia&parent=4419"}],"wp:term":[{"taxonomy":"category","embeddable":true,"href":"http:\/\/wioskisos.org\/MWM\/index.php?rest_route=%2Fwp%2Fv2%2Fcategories&post=4419"},{"taxonomy":"post_tag","embeddable":true,"href":"http:\/\/wioskisos.org\/MWM\/index.php?rest_route=%2Fwp%2Fv2%2Ftags&post=4419"}],"curies":[{"name":"wp","href":"https:\/\/api.w.org\/{rel}","templated":true}]}}