{"id":3971,"date":"2017-11-17T06:34:59","date_gmt":"2017-11-17T06:34:59","guid":{"rendered":"http:\/\/wioskisos.org\/MWM\/?p=3971"},"modified":"2017-11-17T06:34:59","modified_gmt":"2017-11-17T06:34:59","slug":"pierwsze-koty-i-kabaret-neonowka","status":"publish","type":"post","link":"http:\/\/wioskisos.org\/MWM\/?p=3971","title":{"rendered":"Pierwsze Koty i kabaret NeoN\u00f3wka"},"content":{"rendered":"<p>11 listopada postanowili\u015bmy uczci\u0107 w naszej Wsp\u00f3lnocie integracj\u0105. Tego dnia oficjalnie rozpocz\u0119li\u015bmy tegoroczn\u0105 realizacj\u0119 programu \u201ePierwsze Koty za P\u0142oty\u201d. Z tej okazji przyjecha\u0142o do nas pi\u0119cioro mieszka\u0144c\u00f3w Wioski Dzieci\u0119cej w Karlinie : Joasia, Beata, Marek, Zenek i Micha\u0142. W trakcie spotkania zaplanowali\u015bmy integracj\u0119 m\u0142odzie\u017cy w trakcie wsp\u00f3lnego przygotowywania sa\u0142atki na kolacj\u0119 i wyj\u015bcie na kabaret NeoN\u00f3wki \u201eKazik sam w domu\u201d. Przedstawienie wywo\u0142ywa\u0142o w nas nieustanne salwy \u015bmiechu.<\/p>\n\n\t\t<style type=\"text\/css\">\n\t\t\t#gallery-1 {\n\t\t\t\tmargin: auto;\n\t\t\t}\n\t\t\t#gallery-1 .gallery-item {\n\t\t\t\tfloat: left;\n\t\t\t\tmargin-top: 10px;\n\t\t\t\ttext-align: center;\n\t\t\t\twidth: 33%;\n\t\t\t}\n\t\t\t#gallery-1 img {\n\t\t\t\tborder: 2px solid #cfcfcf;\n\t\t\t}\n\t\t\t#gallery-1 .gallery-caption {\n\t\t\t\tmargin-left: 0;\n\t\t\t}\n\t\t\t\/* see gallery_shortcode() in wp-includes\/media.php *\/\n\t\t<\/style>\n\t\t<div id='gallery-1' class='gallery galleryid-3971 gallery-columns-3 gallery-size-thumbnail'><dl class='gallery-item'>\n\t\t\t<dt class='gallery-icon landscape'>\n\t\t\t\t<a href='http:\/\/wioskisos.org\/MWM\/?attachment_id=3972'><img loading=\"lazy\" decoding=\"async\" width=\"150\" height=\"113\" src=\"http:\/\/wioskisos.org\/MWM\/wp-content\/uploads\/2017\/11\/IMG_20171111_195249-009.jpg\" class=\"attachment-thumbnail size-thumbnail\" alt=\"\" aria-describedby=\"gallery-1-3972\" \/><\/a>\n\t\t\t<\/dt>\n\t\t\t\t<dd class='wp-caption-text gallery-caption' id='gallery-1-3972'>\n\t\t\t\tmde\n\t\t\t\t<\/dd><\/dl><dl class='gallery-item'>\n\t\t\t<dt class='gallery-icon landscape'>\n\t\t\t\t<a href='http:\/\/wioskisos.org\/MWM\/?attachment_id=3973'><img loading=\"lazy\" decoding=\"async\" width=\"150\" height=\"85\" src=\"http:\/\/wioskisos.org\/MWM\/wp-content\/uploads\/2017\/11\/received_2404219239802393-010.jpeg\" class=\"attachment-thumbnail size-thumbnail\" alt=\"\" \/><\/a>\n\t\t\t<\/dt><\/dl>\n\t\t\t<br style='clear: both' \/>\n\t\t<\/div>\n\n","protected":false},"excerpt":{"rendered":"<p>11 listopada postanowili\u015bmy uczci\u0107 w naszej Wsp\u00f3lnocie integracj\u0105. Tego dnia oficjalnie rozpocz\u0119li\u015bmy tegoroczn\u0105 realizacj\u0119 programu \u201ePierwsze Koty za P\u0142oty\u201d. Z tej okazji przyjecha\u0142o do nas pi\u0119cioro mieszka\u0144c\u00f3w Wioski Dzieci\u0119cej w Karlinie : Joasia, Beata, Marek, Zenek i Micha\u0142. W trakcie spotkania zaplanowali\u015bmy integracj\u0119 m\u0142odzie\u017cy w trakcie wsp\u00f3lnego przygotowywania sa\u0142atki na kolacj\u0119 i wyj\u015bcie na kabaret [&hellip;]<\/p>\n","protected":false},"author":2,"featured_media":0,"comment_status":"open","ping_status":"open","sticky":false,"template":"","format":"standard","meta":{"footnotes":""},"categories":[1],"tags":[],"_links":{"self":[{"href":"http:\/\/wioskisos.org\/MWM\/index.php?rest_route=\/wp\/v2\/posts\/3971"}],"collection":[{"href":"http:\/\/wioskisos.org\/MWM\/index.php?rest_route=\/wp\/v2\/posts"}],"about":[{"href":"http:\/\/wioskisos.org\/MWM\/index.php?rest_route=\/wp\/v2\/types\/post"}],"author":[{"embeddable":true,"href":"http:\/\/wioskisos.org\/MWM\/index.php?rest_route=\/wp\/v2\/users\/2"}],"replies":[{"embeddable":true,"href":"http:\/\/wioskisos.org\/MWM\/index.php?rest_route=%2Fwp%2Fv2%2Fcomments&post=3971"}],"version-history":[{"count":1,"href":"http:\/\/wioskisos.org\/MWM\/index.php?rest_route=\/wp\/v2\/posts\/3971\/revisions"}],"predecessor-version":[{"id":3974,"href":"http:\/\/wioskisos.org\/MWM\/index.php?rest_route=\/wp\/v2\/posts\/3971\/revisions\/3974"}],"wp:attachment":[{"href":"http:\/\/wioskisos.org\/MWM\/index.php?rest_route=%2Fwp%2Fv2%2Fmedia&parent=3971"}],"wp:term":[{"taxonomy":"category","embeddable":true,"href":"http:\/\/wioskisos.org\/MWM\/index.php?rest_route=%2Fwp%2Fv2%2Fcategories&post=3971"},{"taxonomy":"post_tag","embeddable":true,"href":"http:\/\/wioskisos.org\/MWM\/index.php?rest_route=%2Fwp%2Fv2%2Ftags&post=3971"}],"curies":[{"name":"wp","href":"https:\/\/api.w.org\/{rel}","templated":true}]}}