{"id":3906,"date":"2017-09-18T10:20:59","date_gmt":"2017-09-18T10:20:59","guid":{"rendered":"http:\/\/wioskisos.org\/MWM\/?p=3906"},"modified":"2017-09-18T10:20:59","modified_gmt":"2017-09-18T10:20:59","slug":"integracja-ty-i-ja","status":"publish","type":"post","link":"http:\/\/wioskisos.org\/MWM\/?p=3906","title":{"rendered":"Integracja TY i JA"},"content":{"rendered":"<p style=\"text-align: justify;\">Ka\u017cdego roku w Koszalinie odbywa si\u0119 wydarzenie artystyczne pod nazw\u0105 \u201eIntegracja Ty i Ja\u201d. Jest to festiwal filmowy , kt\u00f3rego nadrz\u0119dnym tematem jest niepe\u0142nosprawno\u015b\u0107. Adresatem przegl\u0105du s\u0105 wszyscy ch\u0119tni, a ukazane w filmach problemy i wydarzenia pokazuj\u0105 jak wa\u017cna jest akceptacja ludzi dotkni\u0119tych niepe\u0142nosprawno\u015bci\u0105 w \u015brodowisku. Przy organizacji festiwalu pracuje wielu wolontariuszy. W tym roku do ich grona do\u0142\u0105czy\u0142a podopieczna Wsp\u00f3lnoty \u2013 Magda. Przez trzy festiwalowe dni pomaga\u0142a w opiece nad dzieckiem ma\u0142\u017ce\u0144stwa, kt\u00f3re uczestniczy\u0142o w obchodach festiwalowych.<\/p>\n\n\t\t<style type=\"text\/css\">\n\t\t\t#gallery-1 {\n\t\t\t\tmargin: auto;\n\t\t\t}\n\t\t\t#gallery-1 .gallery-item {\n\t\t\t\tfloat: left;\n\t\t\t\tmargin-top: 10px;\n\t\t\t\ttext-align: center;\n\t\t\t\twidth: 33%;\n\t\t\t}\n\t\t\t#gallery-1 img {\n\t\t\t\tborder: 2px solid #cfcfcf;\n\t\t\t}\n\t\t\t#gallery-1 .gallery-caption {\n\t\t\t\tmargin-left: 0;\n\t\t\t}\n\t\t\t\/* see gallery_shortcode() in wp-includes\/media.php *\/\n\t\t<\/style>\n\t\t<div id='gallery-1' class='gallery galleryid-3906 gallery-columns-3 gallery-size-thumbnail'><dl class='gallery-item'>\n\t\t\t<dt class='gallery-icon landscape'>\n\t\t\t\t<a href='http:\/\/wioskisos.org\/MWM\/?attachment_id=3907'><img loading=\"lazy\" decoding=\"async\" width=\"150\" height=\"113\" src=\"http:\/\/wioskisos.org\/MWM\/wp-content\/uploads\/2017\/09\/IMG_20170907_092349-001.jpg\" class=\"attachment-thumbnail size-thumbnail\" alt=\"\" aria-describedby=\"gallery-1-3907\" \/><\/a>\n\t\t\t<\/dt>\n\t\t\t\t<dd class='wp-caption-text gallery-caption' id='gallery-1-3907'>\n\t\t\t\tsdr\n\t\t\t\t<\/dd><\/dl><dl class='gallery-item'>\n\t\t\t<dt class='gallery-icon portrait'>\n\t\t\t\t<a href='http:\/\/wioskisos.org\/MWM\/?attachment_id=3908'><img loading=\"lazy\" decoding=\"async\" width=\"113\" height=\"150\" src=\"http:\/\/wioskisos.org\/MWM\/wp-content\/uploads\/2017\/09\/IMG_20170907_092451-002.jpg\" class=\"attachment-thumbnail size-thumbnail\" alt=\"\" aria-describedby=\"gallery-1-3908\" \/><\/a>\n\t\t\t<\/dt>\n\t\t\t\t<dd class='wp-caption-text gallery-caption' id='gallery-1-3908'>\n\t\t\t\tdav\n\t\t\t\t<\/dd><\/dl>\n\t\t\t<br style='clear: both' \/>\n\t\t<\/div>\n\n","protected":false},"excerpt":{"rendered":"<p>Ka\u017cdego roku w Koszalinie odbywa si\u0119 wydarzenie artystyczne pod nazw\u0105 \u201eIntegracja Ty i Ja\u201d. Jest to festiwal filmowy , kt\u00f3rego nadrz\u0119dnym tematem jest niepe\u0142nosprawno\u015b\u0107. Adresatem przegl\u0105du s\u0105 wszyscy ch\u0119tni, a ukazane w filmach problemy i wydarzenia pokazuj\u0105 jak wa\u017cna jest akceptacja ludzi dotkni\u0119tych niepe\u0142nosprawno\u015bci\u0105 w \u015brodowisku. Przy organizacji festiwalu pracuje wielu wolontariuszy. W tym roku [&hellip;]<\/p>\n","protected":false},"author":2,"featured_media":0,"comment_status":"open","ping_status":"open","sticky":false,"template":"","format":"standard","meta":{"footnotes":""},"categories":[1],"tags":[],"_links":{"self":[{"href":"http:\/\/wioskisos.org\/MWM\/index.php?rest_route=\/wp\/v2\/posts\/3906"}],"collection":[{"href":"http:\/\/wioskisos.org\/MWM\/index.php?rest_route=\/wp\/v2\/posts"}],"about":[{"href":"http:\/\/wioskisos.org\/MWM\/index.php?rest_route=\/wp\/v2\/types\/post"}],"author":[{"embeddable":true,"href":"http:\/\/wioskisos.org\/MWM\/index.php?rest_route=\/wp\/v2\/users\/2"}],"replies":[{"embeddable":true,"href":"http:\/\/wioskisos.org\/MWM\/index.php?rest_route=%2Fwp%2Fv2%2Fcomments&post=3906"}],"version-history":[{"count":1,"href":"http:\/\/wioskisos.org\/MWM\/index.php?rest_route=\/wp\/v2\/posts\/3906\/revisions"}],"predecessor-version":[{"id":3909,"href":"http:\/\/wioskisos.org\/MWM\/index.php?rest_route=\/wp\/v2\/posts\/3906\/revisions\/3909"}],"wp:attachment":[{"href":"http:\/\/wioskisos.org\/MWM\/index.php?rest_route=%2Fwp%2Fv2%2Fmedia&parent=3906"}],"wp:term":[{"taxonomy":"category","embeddable":true,"href":"http:\/\/wioskisos.org\/MWM\/index.php?rest_route=%2Fwp%2Fv2%2Fcategories&post=3906"},{"taxonomy":"post_tag","embeddable":true,"href":"http:\/\/wioskisos.org\/MWM\/index.php?rest_route=%2Fwp%2Fv2%2Ftags&post=3906"}],"curies":[{"name":"wp","href":"https:\/\/api.w.org\/{rel}","templated":true}]}}