{"id":3861,"date":"2017-07-11T17:45:21","date_gmt":"2017-07-11T17:45:21","guid":{"rendered":"http:\/\/wioskisos.org\/MWM\/?p=3861"},"modified":"2017-07-11T17:45:21","modified_gmt":"2017-07-11T17:45:21","slug":"slub-klaudii-i-karola","status":"publish","type":"post","link":"http:\/\/wioskisos.org\/MWM\/?p=3861","title":{"rendered":"\u015alub Klaudii i Karola"},"content":{"rendered":"<p style=\"text-align: justify;\">1 lipca odby\u0142 si\u0119 \u015alub Klaudii i Karola \u2013 by\u0142ych mieszka\u0144c\u00f3w Wsp\u00f3lnoty. W\u015br\u00f3d zaproszonych go\u015bci nie zabrak\u0142o rodziny, kole\u017canek i koleg\u00f3w z MWM, dyrekcji i pracownik\u00f3w Stowarzyszenia. M\u0142odzi w od\u015bwi\u0119tnych kreacjach dumnie prezentowali si\u0119 w Pa\u0142acu \u015alub\u00f3w, gdzie przed\u00a0\u015bwiadkami z\u0142o\u017cyli sobie ma\u0142\u017ce\u0144sk\u0105 przysi\u0119g\u0119. Klaudio i Karolu przyjmijcie najserdeczniejsze \u017cyczenia wielu wspania\u0142ych wsp\u00f3lnych lat \u017cycia !<\/p>\n\n\t\t<style type=\"text\/css\">\n\t\t\t#gallery-1 {\n\t\t\t\tmargin: auto;\n\t\t\t}\n\t\t\t#gallery-1 .gallery-item {\n\t\t\t\tfloat: left;\n\t\t\t\tmargin-top: 10px;\n\t\t\t\ttext-align: center;\n\t\t\t\twidth: 33%;\n\t\t\t}\n\t\t\t#gallery-1 img {\n\t\t\t\tborder: 2px solid #cfcfcf;\n\t\t\t}\n\t\t\t#gallery-1 .gallery-caption {\n\t\t\t\tmargin-left: 0;\n\t\t\t}\n\t\t\t\/* see gallery_shortcode() in wp-includes\/media.php *\/\n\t\t<\/style>\n\t\t<div id='gallery-1' class='gallery galleryid-3861 gallery-columns-3 gallery-size-thumbnail'><dl class='gallery-item'>\n\t\t\t<dt class='gallery-icon landscape'>\n\t\t\t\t<a href='http:\/\/wioskisos.org\/MWM\/?attachment_id=3862'><img loading=\"lazy\" decoding=\"async\" width=\"150\" height=\"113\" src=\"http:\/\/wioskisos.org\/MWM\/wp-content\/uploads\/2017\/07\/DSC00537-001.jpg\" class=\"attachment-thumbnail size-thumbnail\" alt=\"\" \/><\/a>\n\t\t\t<\/dt><\/dl><dl class='gallery-item'>\n\t\t\t<dt class='gallery-icon portrait'>\n\t\t\t\t<a href='http:\/\/wioskisos.org\/MWM\/?attachment_id=3863'><img loading=\"lazy\" decoding=\"async\" width=\"113\" height=\"150\" src=\"http:\/\/wioskisos.org\/MWM\/wp-content\/uploads\/2017\/07\/DSC00554-002.jpg\" class=\"attachment-thumbnail size-thumbnail\" alt=\"\" \/><\/a>\n\t\t\t<\/dt><\/dl><dl class='gallery-item'>\n\t\t\t<dt class='gallery-icon landscape'>\n\t\t\t\t<a href='http:\/\/wioskisos.org\/MWM\/?attachment_id=3864'><img loading=\"lazy\" decoding=\"async\" width=\"150\" height=\"113\" src=\"http:\/\/wioskisos.org\/MWM\/wp-content\/uploads\/2017\/07\/DSC00563-003.jpg\" class=\"attachment-thumbnail size-thumbnail\" alt=\"\" \/><\/a>\n\t\t\t<\/dt><\/dl><br style=\"clear: both\" \/><dl class='gallery-item'>\n\t\t\t<dt class='gallery-icon landscape'>\n\t\t\t\t<a href='http:\/\/wioskisos.org\/MWM\/?attachment_id=3865'><img loading=\"lazy\" decoding=\"async\" width=\"150\" height=\"113\" src=\"http:\/\/wioskisos.org\/MWM\/wp-content\/uploads\/2017\/07\/DSC00565-004.jpg\" class=\"attachment-thumbnail size-thumbnail\" alt=\"\" \/><\/a>\n\t\t\t<\/dt><\/dl><dl class='gallery-item'>\n\t\t\t<dt class='gallery-icon landscape'>\n\t\t\t\t<a href='http:\/\/wioskisos.org\/MWM\/?attachment_id=3866'><img loading=\"lazy\" decoding=\"async\" width=\"150\" height=\"113\" src=\"http:\/\/wioskisos.org\/MWM\/wp-content\/uploads\/2017\/07\/DSC00613-005.jpg\" class=\"attachment-thumbnail size-thumbnail\" alt=\"\" \/><\/a>\n\t\t\t<\/dt><\/dl>\n\t\t\t<br style='clear: both' \/>\n\t\t<\/div>\n\n","protected":false},"excerpt":{"rendered":"<p>1 lipca odby\u0142 si\u0119 \u015alub Klaudii i Karola \u2013 by\u0142ych mieszka\u0144c\u00f3w Wsp\u00f3lnoty. W\u015br\u00f3d zaproszonych go\u015bci nie zabrak\u0142o rodziny, kole\u017canek i koleg\u00f3w z MWM, dyrekcji i pracownik\u00f3w Stowarzyszenia. M\u0142odzi w od\u015bwi\u0119tnych kreacjach dumnie prezentowali si\u0119 w Pa\u0142acu \u015alub\u00f3w, gdzie przed\u00a0\u015bwiadkami z\u0142o\u017cyli sobie ma\u0142\u017ce\u0144sk\u0105 przysi\u0119g\u0119. Klaudio i Karolu przyjmijcie najserdeczniejsze \u017cyczenia wielu wspania\u0142ych wsp\u00f3lnych lat \u017cycia !<\/p>\n","protected":false},"author":2,"featured_media":0,"comment_status":"open","ping_status":"open","sticky":false,"template":"","format":"standard","meta":{"footnotes":""},"categories":[1],"tags":[],"_links":{"self":[{"href":"http:\/\/wioskisos.org\/MWM\/index.php?rest_route=\/wp\/v2\/posts\/3861"}],"collection":[{"href":"http:\/\/wioskisos.org\/MWM\/index.php?rest_route=\/wp\/v2\/posts"}],"about":[{"href":"http:\/\/wioskisos.org\/MWM\/index.php?rest_route=\/wp\/v2\/types\/post"}],"author":[{"embeddable":true,"href":"http:\/\/wioskisos.org\/MWM\/index.php?rest_route=\/wp\/v2\/users\/2"}],"replies":[{"embeddable":true,"href":"http:\/\/wioskisos.org\/MWM\/index.php?rest_route=%2Fwp%2Fv2%2Fcomments&post=3861"}],"version-history":[{"count":2,"href":"http:\/\/wioskisos.org\/MWM\/index.php?rest_route=\/wp\/v2\/posts\/3861\/revisions"}],"predecessor-version":[{"id":3868,"href":"http:\/\/wioskisos.org\/MWM\/index.php?rest_route=\/wp\/v2\/posts\/3861\/revisions\/3868"}],"wp:attachment":[{"href":"http:\/\/wioskisos.org\/MWM\/index.php?rest_route=%2Fwp%2Fv2%2Fmedia&parent=3861"}],"wp:term":[{"taxonomy":"category","embeddable":true,"href":"http:\/\/wioskisos.org\/MWM\/index.php?rest_route=%2Fwp%2Fv2%2Fcategories&post=3861"},{"taxonomy":"post_tag","embeddable":true,"href":"http:\/\/wioskisos.org\/MWM\/index.php?rest_route=%2Fwp%2Fv2%2Ftags&post=3861"}],"curies":[{"name":"wp","href":"https:\/\/api.w.org\/{rel}","templated":true}]}}