{"id":193,"date":"2012-04-02T23:25:43","date_gmt":"2012-04-02T23:25:43","guid":{"rendered":"http:\/\/wioskisos.org\/MWM\/?p=193"},"modified":"2012-04-03T08:10:21","modified_gmt":"2012-04-03T08:10:21","slug":"wieczor-nad-morzem-w-mielnie","status":"publish","type":"post","link":"http:\/\/wioskisos.org\/MWM\/?p=193","title":{"rendered":"wiecz\u00f3r nad morzem w Mielnie"},"content":{"rendered":"<div id=\"attachment_191\" style=\"width: 310px\" class=\"wp-caption aligncenter\"><a href=\"http:\/\/wioskisos.org\/MWM\/wp-content\/uploads\/2012\/04\/DSC02958.jpg\"><img loading=\"lazy\" decoding=\"async\" aria-describedby=\"caption-attachment-191\" class=\"size-medium wp-image-191\" title=\"m\u0119ski sk\u0142ad \" src=\"http:\/\/wioskisos.org\/MWM\/wp-content\/uploads\/2012\/04\/DSC02958-300x168.jpg\" alt=\"\" width=\"300\" height=\"168\" srcset=\"http:\/\/wioskisos.org\/MWM\/wp-content\/uploads\/2012\/04\/DSC02958-300x168.jpg 300w, http:\/\/wioskisos.org\/MWM\/wp-content\/uploads\/2012\/04\/DSC02958-1024x575.jpg 1024w\" sizes=\"(max-width: 300px) 100vw, 300px\" \/><\/a><p id=\"caption-attachment-191\" class=\"wp-caption-text\">m\u0119ski sk\u0142ad <\/p><\/div>\n<p>Pan Micha\u0142 &#8211;\u00a0wolontariusz\u00a0 MWM zabra\u0142 Sebastiana, Damiana i Tomka na wieczorn\u0105 przeja\u017cd\u017ck\u0119 samochodem terenowym nad morze &#8211; wia\u0142 silny wiatr i by\u0142o ch\u0142odno, mimo to zabawa przednia, bo\u00a0w m\u0119skim gronie, z m\u0119skimi rozmowami.<\/p>\n<div id=\"attachment_190\" style=\"width: 310px\" class=\"wp-caption aligncenter\"><a href=\"http:\/\/wioskisos.org\/MWM\/wp-content\/uploads\/2012\/04\/DSC02940.jpg\"><img loading=\"lazy\" decoding=\"async\" aria-describedby=\"caption-attachment-190\" class=\"size-medium wp-image-190\" title=\"z panem Micha\u0142em :)\" src=\"http:\/\/wioskisos.org\/MWM\/wp-content\/uploads\/2012\/04\/DSC02940-300x168.jpg\" alt=\"\" width=\"300\" height=\"168\" srcset=\"http:\/\/wioskisos.org\/MWM\/wp-content\/uploads\/2012\/04\/DSC02940-300x168.jpg 300w, http:\/\/wioskisos.org\/MWM\/wp-content\/uploads\/2012\/04\/DSC02940-1024x575.jpg 1024w\" sizes=\"(max-width: 300px) 100vw, 300px\" \/><\/a><p id=\"caption-attachment-190\" class=\"wp-caption-text\">z panem Micha\u0142em \ud83d\ude42<\/p><\/div>\n<div id=\"attachment_189\" style=\"width: 310px\" class=\"wp-caption aligncenter\"><a href=\"http:\/\/wioskisos.org\/MWM\/wp-content\/uploads\/2012\/04\/DSC02991.jpg\"><img loading=\"lazy\" decoding=\"async\" aria-describedby=\"caption-attachment-189\" class=\"size-medium wp-image-189\" title=\"\u015bwiat z perspektywy Tomka i obiektywu\" src=\"http:\/\/wioskisos.org\/MWM\/wp-content\/uploads\/2012\/04\/DSC02991-300x168.jpg\" alt=\"\" width=\"300\" height=\"168\" srcset=\"http:\/\/wioskisos.org\/MWM\/wp-content\/uploads\/2012\/04\/DSC02991-300x168.jpg 300w, http:\/\/wioskisos.org\/MWM\/wp-content\/uploads\/2012\/04\/DSC02991-1024x575.jpg 1024w\" sizes=\"(max-width: 300px) 100vw, 300px\" \/><\/a><p id=\"caption-attachment-189\" class=\"wp-caption-text\">\u015bwiat z perspektywy Tomka i obiektywu<\/p><\/div>\n<div id=\"attachment_192\" style=\"width: 310px\" class=\"wp-caption aligncenter\"><a href=\"http:\/\/wioskisos.org\/MWM\/wp-content\/uploads\/2012\/04\/DSC02994.jpg\"><img loading=\"lazy\" decoding=\"async\" aria-describedby=\"caption-attachment-192\" class=\"size-medium wp-image-192\" title=\"koszali\u0144ski wiecz\u00f3r pod wiaduktem\" src=\"http:\/\/wioskisos.org\/MWM\/wp-content\/uploads\/2012\/04\/DSC02994-300x168.jpg\" alt=\"\" width=\"300\" height=\"168\" srcset=\"http:\/\/wioskisos.org\/MWM\/wp-content\/uploads\/2012\/04\/DSC02994-300x168.jpg 300w, http:\/\/wioskisos.org\/MWM\/wp-content\/uploads\/2012\/04\/DSC02994-1024x575.jpg 1024w\" sizes=\"(max-width: 300px) 100vw, 300px\" \/><\/a><p id=\"caption-attachment-192\" class=\"wp-caption-text\">koszali\u0144ski wiecz\u00f3r pod wiaduktem<\/p><\/div>\n<p>&nbsp;<\/p>\n<p>&nbsp;<\/p>\n<p>&nbsp;<\/p>\n","protected":false},"excerpt":{"rendered":"<p>Pan Micha\u0142 &#8211;\u00a0wolontariusz\u00a0 MWM zabra\u0142 Sebastiana, Damiana i Tomka na wieczorn\u0105 przeja\u017cd\u017ck\u0119 samochodem terenowym nad morze &#8211; wia\u0142 silny wiatr i by\u0142o ch\u0142odno, mimo to zabawa przednia, bo\u00a0w m\u0119skim gronie, z m\u0119skimi rozmowami. &nbsp; &nbsp; &nbsp;<\/p>\n","protected":false},"author":2,"featured_media":0,"comment_status":"open","ping_status":"open","sticky":false,"template":"","format":"standard","meta":{"footnotes":""},"categories":[1],"tags":[],"_links":{"self":[{"href":"http:\/\/wioskisos.org\/MWM\/index.php?rest_route=\/wp\/v2\/posts\/193"}],"collection":[{"href":"http:\/\/wioskisos.org\/MWM\/index.php?rest_route=\/wp\/v2\/posts"}],"about":[{"href":"http:\/\/wioskisos.org\/MWM\/index.php?rest_route=\/wp\/v2\/types\/post"}],"author":[{"embeddable":true,"href":"http:\/\/wioskisos.org\/MWM\/index.php?rest_route=\/wp\/v2\/users\/2"}],"replies":[{"embeddable":true,"href":"http:\/\/wioskisos.org\/MWM\/index.php?rest_route=%2Fwp%2Fv2%2Fcomments&post=193"}],"version-history":[{"count":2,"href":"http:\/\/wioskisos.org\/MWM\/index.php?rest_route=\/wp\/v2\/posts\/193\/revisions"}],"predecessor-version":[{"id":196,"href":"http:\/\/wioskisos.org\/MWM\/index.php?rest_route=\/wp\/v2\/posts\/193\/revisions\/196"}],"wp:attachment":[{"href":"http:\/\/wioskisos.org\/MWM\/index.php?rest_route=%2Fwp%2Fv2%2Fmedia&parent=193"}],"wp:term":[{"taxonomy":"category","embeddable":true,"href":"http:\/\/wioskisos.org\/MWM\/index.php?rest_route=%2Fwp%2Fv2%2Fcategories&post=193"},{"taxonomy":"post_tag","embeddable":true,"href":"http:\/\/wioskisos.org\/MWM\/index.php?rest_route=%2Fwp%2Fv2%2Ftags&post=193"}],"curies":[{"name":"wp","href":"https:\/\/api.w.org\/{rel}","templated":true}]}}