{"id":1864,"date":"2015-09-13T16:35:18","date_gmt":"2015-09-13T16:35:18","guid":{"rendered":"http:\/\/wioskisos.org\/MWM\/?p=1864"},"modified":"2015-09-13T16:35:18","modified_gmt":"2015-09-13T16:35:18","slug":"nowosci-w-mwm","status":"publish","type":"post","link":"http:\/\/wioskisos.org\/MWM\/?p=1864","title":{"rendered":"nowo\u015bci w MWM"},"content":{"rendered":"<p><a href=\"http:\/\/wioskisos.org\/MWM\/wp-content\/uploads\/2015\/09\/FormatFactoryDSC01004.jpg\"><img loading=\"lazy\" decoding=\"async\" class=\"aligncenter size-medium wp-image-1862\" src=\"http:\/\/wioskisos.org\/MWM\/wp-content\/uploads\/2015\/09\/FormatFactoryDSC01004-300x225.jpg\" alt=\"\" width=\"300\" height=\"225\" srcset=\"http:\/\/wioskisos.org\/MWM\/wp-content\/uploads\/2015\/09\/FormatFactoryDSC01004-300x225.jpg 300w, http:\/\/wioskisos.org\/MWM\/wp-content\/uploads\/2015\/09\/FormatFactoryDSC01004.jpg 640w\" sizes=\"(max-width: 300px) 100vw, 300px\" \/><\/a><\/p>\n<p>Z ostatnich wrze\u015bniowych wie\u015bci: Irek odwiedzi\u0142 Damiana swojego brata i wsp\u00f3lnie- przygotowali sie do wyst\u0119pu w postaci mini recitalu podczas 10 Urodzin Wioski Dzieci\u0119cej w Karlinie.<\/p>\n<p><a href=\"http:\/\/wioskisos.org\/MWM\/wp-content\/uploads\/2015\/09\/FormatFactoryDSC01017.jpg\"><img loading=\"lazy\" decoding=\"async\" class=\"aligncenter size-medium wp-image-1863\" src=\"http:\/\/wioskisos.org\/MWM\/wp-content\/uploads\/2015\/09\/FormatFactoryDSC01017-300x225.jpg\" alt=\"\" width=\"300\" height=\"225\" srcset=\"http:\/\/wioskisos.org\/MWM\/wp-content\/uploads\/2015\/09\/FormatFactoryDSC01017-300x225.jpg 300w, http:\/\/wioskisos.org\/MWM\/wp-content\/uploads\/2015\/09\/FormatFactoryDSC01017.jpg 640w\" sizes=\"(max-width: 300px) 100vw, 300px\" \/><\/a><\/p>\n<p>A tutaj \u0141ukasz ze swoj\u0105 dziewczyn\u0105 Natali\u0105 &#8211; postanowi\u0142 przygotowa\u0107 niedzielny deser dla wszystkich w MWM. Rozpocz\u0105\u0142 w wakacje prac\u0119 w jednej z restauracji i teraz jest w kuchni ekspertem :).<\/p>\n","protected":false},"excerpt":{"rendered":"<p>Z ostatnich wrze\u015bniowych wie\u015bci: Irek odwiedzi\u0142 Damiana swojego brata i wsp\u00f3lnie- przygotowali sie do wyst\u0119pu w postaci mini recitalu podczas 10 Urodzin Wioski Dzieci\u0119cej w Karlinie. A tutaj \u0141ukasz ze swoj\u0105 dziewczyn\u0105 Natali\u0105 &#8211; postanowi\u0142 przygotowa\u0107 niedzielny deser dla wszystkich w MWM. Rozpocz\u0105\u0142 w wakacje prac\u0119 w jednej z restauracji i teraz jest w kuchni [&hellip;]<\/p>\n","protected":false},"author":2,"featured_media":0,"comment_status":"open","ping_status":"open","sticky":false,"template":"","format":"standard","meta":{"footnotes":""},"categories":[1],"tags":[],"_links":{"self":[{"href":"http:\/\/wioskisos.org\/MWM\/index.php?rest_route=\/wp\/v2\/posts\/1864"}],"collection":[{"href":"http:\/\/wioskisos.org\/MWM\/index.php?rest_route=\/wp\/v2\/posts"}],"about":[{"href":"http:\/\/wioskisos.org\/MWM\/index.php?rest_route=\/wp\/v2\/types\/post"}],"author":[{"embeddable":true,"href":"http:\/\/wioskisos.org\/MWM\/index.php?rest_route=\/wp\/v2\/users\/2"}],"replies":[{"embeddable":true,"href":"http:\/\/wioskisos.org\/MWM\/index.php?rest_route=%2Fwp%2Fv2%2Fcomments&post=1864"}],"version-history":[{"count":1,"href":"http:\/\/wioskisos.org\/MWM\/index.php?rest_route=\/wp\/v2\/posts\/1864\/revisions"}],"predecessor-version":[{"id":1865,"href":"http:\/\/wioskisos.org\/MWM\/index.php?rest_route=\/wp\/v2\/posts\/1864\/revisions\/1865"}],"wp:attachment":[{"href":"http:\/\/wioskisos.org\/MWM\/index.php?rest_route=%2Fwp%2Fv2%2Fmedia&parent=1864"}],"wp:term":[{"taxonomy":"category","embeddable":true,"href":"http:\/\/wioskisos.org\/MWM\/index.php?rest_route=%2Fwp%2Fv2%2Fcategories&post=1864"},{"taxonomy":"post_tag","embeddable":true,"href":"http:\/\/wioskisos.org\/MWM\/index.php?rest_route=%2Fwp%2Fv2%2Ftags&post=1864"}],"curies":[{"name":"wp","href":"https:\/\/api.w.org\/{rel}","templated":true}]}}