{"id":1511,"date":"2014-10-19T16:59:44","date_gmt":"2014-10-19T16:59:44","guid":{"rendered":"http:\/\/wioskisos.org\/MWM\/?p=1511"},"modified":"2014-10-19T16:59:44","modified_gmt":"2014-10-19T16:59:44","slug":"warsztaty-integracyjne-wychowawcy-mlodzi-wielcy-mocni","status":"publish","type":"post","link":"http:\/\/wioskisos.org\/MWM\/?p=1511","title":{"rendered":"warsztaty integracyjne wychowawcy + M\u0142odzi Wielcy Mocni"},"content":{"rendered":"<p>Od wrze\u015bnia jeste\u015bmy w nowym sk\u0142adzie ze wzgl\u0119du na nowych podopiecznych, ale tak\u017ce z uwagi na nowego wychowawc\u0119, kt\u00f3ry do\u0142\u0105czy\u0142 do zespo\u0142u. Postanowili\u015bmy wi\u0119c w pierwsz\u0105 mo\u017cliw\u0105 dla wszystkich niedziel\u0119 spotka\u0107 si\u0119 na warsztatach integracyjnych zako\u0144czonych uroczystym obiadem w restauracji. To by\u0142 owocnie sp\u0119dzony czas&#8230;<\/p>\n<div id=\"attachment_1504\" style=\"width: 310px\" class=\"wp-caption aligncenter\"><a href=\"http:\/\/wioskisos.org\/MWM\/wp-content\/uploads\/2014\/10\/FormatFactorypomnik-MWM-SOS.jpg\"><img loading=\"lazy\" decoding=\"async\" aria-describedby=\"caption-attachment-1504\" class=\"size-medium wp-image-1504\" src=\"http:\/\/wioskisos.org\/MWM\/wp-content\/uploads\/2014\/10\/FormatFactorypomnik-MWM-SOS-300x167.jpg\" alt=\"pomnik MWM SOS\" width=\"300\" height=\"167\" srcset=\"http:\/\/wioskisos.org\/MWM\/wp-content\/uploads\/2014\/10\/FormatFactorypomnik-MWM-SOS-300x167.jpg 300w, http:\/\/wioskisos.org\/MWM\/wp-content\/uploads\/2014\/10\/FormatFactorypomnik-MWM-SOS.jpg 640w\" sizes=\"(max-width: 300px) 100vw, 300px\" \/><\/a><p id=\"caption-attachment-1504\" class=\"wp-caption-text\">pomnik MWM SOS<\/p><\/div>\n<div id=\"attachment_1505\" style=\"width: 310px\" class=\"wp-caption aligncenter\"><a href=\"http:\/\/wioskisos.org\/MWM\/wp-content\/uploads\/2014\/10\/FormatFactorytrudno-si\u0119-zmie\u015bci\u0107-RAZEM.jpg\"><img loading=\"lazy\" decoding=\"async\" aria-describedby=\"caption-attachment-1505\" class=\"size-medium wp-image-1505\" src=\"http:\/\/wioskisos.org\/MWM\/wp-content\/uploads\/2014\/10\/FormatFactorytrudno-si\u0119-zmie\u015bci\u0107-RAZEM-300x167.jpg\" alt=\"trudno si\u0119 zmie\u015bci\u0107 RAZEM\" width=\"300\" height=\"167\" srcset=\"http:\/\/wioskisos.org\/MWM\/wp-content\/uploads\/2014\/10\/FormatFactorytrudno-si\u0119-zmie\u015bci\u0107-RAZEM-300x167.jpg 300w, http:\/\/wioskisos.org\/MWM\/wp-content\/uploads\/2014\/10\/FormatFactorytrudno-si\u0119-zmie\u015bci\u0107-RAZEM.jpg 640w\" sizes=\"(max-width: 300px) 100vw, 300px\" \/><\/a><p id=\"caption-attachment-1505\" class=\"wp-caption-text\">trudno si\u0119 zmie\u015bci\u0107 RAZEM<\/p><\/div>\n<div id=\"attachment_1506\" style=\"width: 178px\" class=\"wp-caption aligncenter\"><a href=\"http:\/\/wioskisos.org\/MWM\/wp-content\/uploads\/2014\/10\/FormatFactorypodczas-obiadu-w-Studni-z-perspektywy-najm\u0142odszego-Kacpra.jpg\"><img loading=\"lazy\" decoding=\"async\" aria-describedby=\"caption-attachment-1506\" class=\"size-medium wp-image-1506\" src=\"http:\/\/wioskisos.org\/MWM\/wp-content\/uploads\/2014\/10\/FormatFactorypodczas-obiadu-w-Studni-z-perspektywy-najm\u0142odszego-Kacpra-168x300.jpg\" alt=\"podczas obiadu w Studni - z perspektywy najm\u0142odszego Kacpra\" width=\"168\" height=\"300\" srcset=\"http:\/\/wioskisos.org\/MWM\/wp-content\/uploads\/2014\/10\/FormatFactorypodczas-obiadu-w-Studni-z-perspektywy-najm\u0142odszego-Kacpra-168x300.jpg 168w, http:\/\/wioskisos.org\/MWM\/wp-content\/uploads\/2014\/10\/FormatFactorypodczas-obiadu-w-Studni-z-perspektywy-najm\u0142odszego-Kacpra.jpg 269w\" sizes=\"(max-width: 168px) 100vw, 168px\" \/><\/a><p id=\"caption-attachment-1506\" class=\"wp-caption-text\">podczas obiadu w Studni &#8211; z perspektywy najm\u0142odszego Kacpra<\/p><\/div>\n","protected":false},"excerpt":{"rendered":"<p>Od wrze\u015bnia jeste\u015bmy w nowym sk\u0142adzie ze wzgl\u0119du na nowych podopiecznych, ale tak\u017ce z uwagi na nowego wychowawc\u0119, kt\u00f3ry do\u0142\u0105czy\u0142 do zespo\u0142u. Postanowili\u015bmy wi\u0119c w pierwsz\u0105 mo\u017cliw\u0105 dla wszystkich niedziel\u0119 spotka\u0107 si\u0119 na warsztatach integracyjnych zako\u0144czonych uroczystym obiadem w restauracji. To by\u0142 owocnie sp\u0119dzony czas&#8230;<\/p>\n","protected":false},"author":2,"featured_media":0,"comment_status":"open","ping_status":"open","sticky":false,"template":"","format":"standard","meta":{"footnotes":""},"categories":[1],"tags":[],"_links":{"self":[{"href":"http:\/\/wioskisos.org\/MWM\/index.php?rest_route=\/wp\/v2\/posts\/1511"}],"collection":[{"href":"http:\/\/wioskisos.org\/MWM\/index.php?rest_route=\/wp\/v2\/posts"}],"about":[{"href":"http:\/\/wioskisos.org\/MWM\/index.php?rest_route=\/wp\/v2\/types\/post"}],"author":[{"embeddable":true,"href":"http:\/\/wioskisos.org\/MWM\/index.php?rest_route=\/wp\/v2\/users\/2"}],"replies":[{"embeddable":true,"href":"http:\/\/wioskisos.org\/MWM\/index.php?rest_route=%2Fwp%2Fv2%2Fcomments&post=1511"}],"version-history":[{"count":1,"href":"http:\/\/wioskisos.org\/MWM\/index.php?rest_route=\/wp\/v2\/posts\/1511\/revisions"}],"predecessor-version":[{"id":1512,"href":"http:\/\/wioskisos.org\/MWM\/index.php?rest_route=\/wp\/v2\/posts\/1511\/revisions\/1512"}],"wp:attachment":[{"href":"http:\/\/wioskisos.org\/MWM\/index.php?rest_route=%2Fwp%2Fv2%2Fmedia&parent=1511"}],"wp:term":[{"taxonomy":"category","embeddable":true,"href":"http:\/\/wioskisos.org\/MWM\/index.php?rest_route=%2Fwp%2Fv2%2Fcategories&post=1511"},{"taxonomy":"post_tag","embeddable":true,"href":"http:\/\/wioskisos.org\/MWM\/index.php?rest_route=%2Fwp%2Fv2%2Ftags&post=1511"}],"curies":[{"name":"wp","href":"https:\/\/api.w.org\/{rel}","templated":true}]}}