{"id":1465,"date":"2014-09-11T16:58:23","date_gmt":"2014-09-11T16:58:23","guid":{"rendered":"http:\/\/wioskisos.org\/MWM\/?p=1465"},"modified":"2014-09-11T16:58:23","modified_gmt":"2014-09-11T16:58:23","slug":"berlin-2014","status":"publish","type":"post","link":"http:\/\/wioskisos.org\/MWM\/?p=1465","title":{"rendered":"BERLIN 2014"},"content":{"rendered":"<p><a href=\"http:\/\/wioskisos.org\/MWM\/wp-content\/uploads\/2014\/09\/Bo\u017cena-podczas-pracy.jpg\"><img loading=\"lazy\" decoding=\"async\" class=\"aligncenter size-medium wp-image-1458\" src=\"http:\/\/wioskisos.org\/MWM\/wp-content\/uploads\/2014\/09\/Bo\u017cena-podczas-pracy-225x300.jpg\" alt=\"Bo\u017cena podczas pracy\" width=\"225\" height=\"300\" srcset=\"http:\/\/wioskisos.org\/MWM\/wp-content\/uploads\/2014\/09\/Bo\u017cena-podczas-pracy-225x300.jpg 225w, http:\/\/wioskisos.org\/MWM\/wp-content\/uploads\/2014\/09\/Bo\u017cena-podczas-pracy.jpg 360w\" sizes=\"(max-width: 225px) 100vw, 225px\" \/><\/a>Tym razem Bo\u017cena pojecha\u0142a do Berlina do pracy wolontaryjnej w polsko-niemieckiej ksi\u0119garni Buchbund. Kilka dni pracy, kilka dni zwiedzania i oddychania atmosfer\u0105 multi-kulti.<\/p>\n<p><a href=\"http:\/\/wioskisos.org\/MWM\/wp-content\/uploads\/2014\/09\/Porz\u0105dki-na-p\u00f3\u0142kach.jpg\"><img loading=\"lazy\" decoding=\"async\" class=\"aligncenter size-medium wp-image-1464\" src=\"http:\/\/wioskisos.org\/MWM\/wp-content\/uploads\/2014\/09\/Porz\u0105dki-na-p\u00f3\u0142kach-225x300.jpg\" alt=\"Porz\u0105dki na p\u00f3\u0142kach\" width=\"225\" height=\"300\" srcset=\"http:\/\/wioskisos.org\/MWM\/wp-content\/uploads\/2014\/09\/Porz\u0105dki-na-p\u00f3\u0142kach-225x300.jpg 225w, http:\/\/wioskisos.org\/MWM\/wp-content\/uploads\/2014\/09\/Porz\u0105dki-na-p\u00f3\u0142kach.jpg 360w\" sizes=\"(max-width: 225px) 100vw, 225px\" \/><\/a><\/p>\n<p><a href=\"http:\/\/wioskisos.org\/MWM\/wp-content\/uploads\/2014\/09\/Bo\u017cena-i-pan-Marcin-w\u0142a\u015bciciel-Buchbund.jpg\"><img loading=\"lazy\" decoding=\"async\" class=\"aligncenter size-medium wp-image-1460\" src=\"http:\/\/wioskisos.org\/MWM\/wp-content\/uploads\/2014\/09\/Bo\u017cena-i-pan-Marcin-w\u0142a\u015bciciel-Buchbund-225x300.jpg\" alt=\"Bo\u017cena i pan Marcin - w\u0142a\u015bciciel Buchbund\" width=\"225\" height=\"300\" srcset=\"http:\/\/wioskisos.org\/MWM\/wp-content\/uploads\/2014\/09\/Bo\u017cena-i-pan-Marcin-w\u0142a\u015bciciel-Buchbund-225x300.jpg 225w, http:\/\/wioskisos.org\/MWM\/wp-content\/uploads\/2014\/09\/Bo\u017cena-i-pan-Marcin-w\u0142a\u015bciciel-Buchbund.jpg 360w\" sizes=\"(max-width: 225px) 100vw, 225px\" \/><\/a><\/p>\n<p>Bo\u017cena na zdj\u0119ciu z \u00a0w\u0142a\u015bcicielem Panem Marcinem Piekoszewskim\u00a0http:\/\/buchbund.de\/<\/p>\n<p><a href=\"http:\/\/wioskisos.org\/MWM\/wp-content\/uploads\/2014\/09\/Pani-Marta-i-Bo\u017cena.jpg\"><img loading=\"lazy\" decoding=\"async\" class=\"aligncenter size-medium wp-image-1461\" src=\"http:\/\/wioskisos.org\/MWM\/wp-content\/uploads\/2014\/09\/Pani-Marta-i-Bo\u017cena-225x300.jpg\" alt=\"Pani Marta i Bo\u017cena\" width=\"225\" height=\"300\" srcset=\"http:\/\/wioskisos.org\/MWM\/wp-content\/uploads\/2014\/09\/Pani-Marta-i-Bo\u017cena-225x300.jpg 225w, http:\/\/wioskisos.org\/MWM\/wp-content\/uploads\/2014\/09\/Pani-Marta-i-Bo\u017cena.jpg 360w\" sizes=\"(max-width: 225px) 100vw, 225px\" \/><\/a>Inicjatyw\u0105 opiekowa\u0142a si\u0119 wychowawczyni Marta Soko\u0142owska-Mr\u00f3z &#8211; na zdj\u0119ciu z Bo\u017cenk\u0105 \ud83d\ude42<\/p>\n<p><a href=\"http:\/\/wioskisos.org\/MWM\/wp-content\/uploads\/2014\/09\/Przy-fragm.-Muru-Berli\u0144skiego.jpg\"><img loading=\"lazy\" decoding=\"async\" class=\"aligncenter size-medium wp-image-1462\" src=\"http:\/\/wioskisos.org\/MWM\/wp-content\/uploads\/2014\/09\/Przy-fragm.-Muru-Berli\u0144skiego-300x225.jpg\" alt=\"Przy fragm. Muru Berli\u0144skiego\" width=\"300\" height=\"225\" srcset=\"http:\/\/wioskisos.org\/MWM\/wp-content\/uploads\/2014\/09\/Przy-fragm.-Muru-Berli\u0144skiego-300x225.jpg 300w, http:\/\/wioskisos.org\/MWM\/wp-content\/uploads\/2014\/09\/Przy-fragm.-Muru-Berli\u0144skiego.jpg 640w\" sizes=\"(max-width: 300px) 100vw, 300px\" \/><\/a>Trasa Muru Berli\u0144skiego&#8230;czyli \u00a0\u017cywe lekcje historii.<\/p>\n<p><a href=\"http:\/\/wioskisos.org\/MWM\/wp-content\/uploads\/2014\/09\/W-restauracji-wietnamskiej.jpg\"><img loading=\"lazy\" decoding=\"async\" class=\"aligncenter size-medium wp-image-1463\" src=\"http:\/\/wioskisos.org\/MWM\/wp-content\/uploads\/2014\/09\/W-restauracji-wietnamskiej-225x300.jpg\" alt=\"W restauracji wietnamskiej\" width=\"225\" height=\"300\" srcset=\"http:\/\/wioskisos.org\/MWM\/wp-content\/uploads\/2014\/09\/W-restauracji-wietnamskiej-225x300.jpg 225w, http:\/\/wioskisos.org\/MWM\/wp-content\/uploads\/2014\/09\/W-restauracji-wietnamskiej.jpg 360w\" sizes=\"(max-width: 225px) 100vw, 225px\" \/><\/a><\/p>\n<p>Plus smakowanie egzotyki &#8211; tym razem w wietnamskiej jad\u0142odajni :).<\/p>\n<p>Wielkie podzi\u0119kowania dla Joanny Szaflik, kt\u00f3ra wraz z rodzin\u0105 go\u015bci\u0142a nas w swoim domu &#8211; dzi\u0119ki niej i Buchbund Bo\u017cena mia\u0142a niepowtarzaln\u0105 okazj\u0119 do odkrywania siebie i r\u00f3\u017cnorodno\u015bci spo\u0142ecznej.<\/p>\n<p>&nbsp;<\/p>\n<p>&nbsp;<\/p>\n<p>&nbsp;<\/p>\n","protected":false},"excerpt":{"rendered":"<p>Tym razem Bo\u017cena pojecha\u0142a do Berlina do pracy wolontaryjnej w polsko-niemieckiej ksi\u0119garni Buchbund. Kilka dni pracy, kilka dni zwiedzania i oddychania atmosfer\u0105 multi-kulti. Bo\u017cena na zdj\u0119ciu z \u00a0w\u0142a\u015bcicielem Panem Marcinem Piekoszewskim\u00a0http:\/\/buchbund.de\/ Inicjatyw\u0105 opiekowa\u0142a si\u0119 wychowawczyni Marta Soko\u0142owska-Mr\u00f3z &#8211; na zdj\u0119ciu z Bo\u017cenk\u0105 \ud83d\ude42 Trasa Muru Berli\u0144skiego&#8230;czyli \u00a0\u017cywe lekcje historii. Plus smakowanie egzotyki &#8211; tym razem [&hellip;]<\/p>\n","protected":false},"author":2,"featured_media":0,"comment_status":"open","ping_status":"open","sticky":false,"template":"","format":"standard","meta":{"footnotes":""},"categories":[1],"tags":[],"_links":{"self":[{"href":"http:\/\/wioskisos.org\/MWM\/index.php?rest_route=\/wp\/v2\/posts\/1465"}],"collection":[{"href":"http:\/\/wioskisos.org\/MWM\/index.php?rest_route=\/wp\/v2\/posts"}],"about":[{"href":"http:\/\/wioskisos.org\/MWM\/index.php?rest_route=\/wp\/v2\/types\/post"}],"author":[{"embeddable":true,"href":"http:\/\/wioskisos.org\/MWM\/index.php?rest_route=\/wp\/v2\/users\/2"}],"replies":[{"embeddable":true,"href":"http:\/\/wioskisos.org\/MWM\/index.php?rest_route=%2Fwp%2Fv2%2Fcomments&post=1465"}],"version-history":[{"count":1,"href":"http:\/\/wioskisos.org\/MWM\/index.php?rest_route=\/wp\/v2\/posts\/1465\/revisions"}],"predecessor-version":[{"id":1466,"href":"http:\/\/wioskisos.org\/MWM\/index.php?rest_route=\/wp\/v2\/posts\/1465\/revisions\/1466"}],"wp:attachment":[{"href":"http:\/\/wioskisos.org\/MWM\/index.php?rest_route=%2Fwp%2Fv2%2Fmedia&parent=1465"}],"wp:term":[{"taxonomy":"category","embeddable":true,"href":"http:\/\/wioskisos.org\/MWM\/index.php?rest_route=%2Fwp%2Fv2%2Fcategories&post=1465"},{"taxonomy":"post_tag","embeddable":true,"href":"http:\/\/wioskisos.org\/MWM\/index.php?rest_route=%2Fwp%2Fv2%2Ftags&post=1465"}],"curies":[{"name":"wp","href":"https:\/\/api.w.org\/{rel}","templated":true}]}}