{"id":1455,"date":"2014-06-16T18:41:30","date_gmt":"2014-06-16T18:41:30","guid":{"rendered":"http:\/\/wioskisos.org\/MWM\/?p=1455"},"modified":"2014-06-16T18:41:30","modified_gmt":"2014-06-16T18:41:30","slug":"bierzmowani","status":"publish","type":"post","link":"http:\/\/wioskisos.org\/MWM\/?p=1455","title":{"rendered":"bierzmowani"},"content":{"rendered":"<p>Sebastian, Helena i Klaudia przyst\u0105pili do sakramentu bierzmowania &#8211; to wielkie \u015bwi\u0119to zar\u00f3wno dla nich jak i dla nas. Kilka uj\u0119\u0107 z tych wzruszaj\u0105cych chwil:<\/p>\n<p><a href=\"http:\/\/wioskisos.org\/MWM\/wp-content\/uploads\/2014\/06\/FormatFactoryDSC01946.jpg\"><img loading=\"lazy\" decoding=\"async\" class=\"aligncenter size-medium wp-image-1450\" src=\"http:\/\/wioskisos.org\/MWM\/wp-content\/uploads\/2014\/06\/FormatFactoryDSC01946-300x225.jpg\" alt=\"\" width=\"300\" height=\"225\" srcset=\"http:\/\/wioskisos.org\/MWM\/wp-content\/uploads\/2014\/06\/FormatFactoryDSC01946-300x225.jpg 300w, http:\/\/wioskisos.org\/MWM\/wp-content\/uploads\/2014\/06\/FormatFactoryDSC01946.jpg 640w\" sizes=\"(max-width: 300px) 100vw, 300px\" \/><\/a><\/p>\n<p><a href=\"http:\/\/wioskisos.org\/MWM\/wp-content\/uploads\/2014\/06\/FormatFactoryDSC05562.jpg\"><img loading=\"lazy\" decoding=\"async\" class=\"aligncenter size-medium wp-image-1451\" src=\"http:\/\/wioskisos.org\/MWM\/wp-content\/uploads\/2014\/06\/FormatFactoryDSC05562-300x167.jpg\" alt=\"\" width=\"300\" height=\"167\" srcset=\"http:\/\/wioskisos.org\/MWM\/wp-content\/uploads\/2014\/06\/FormatFactoryDSC05562-300x167.jpg 300w, http:\/\/wioskisos.org\/MWM\/wp-content\/uploads\/2014\/06\/FormatFactoryDSC05562.jpg 640w\" sizes=\"(max-width: 300px) 100vw, 300px\" \/><\/a><\/p>\n<p><a href=\"http:\/\/wioskisos.org\/MWM\/wp-content\/uploads\/2014\/06\/FormatFactoryDSC05567.jpg\"><img loading=\"lazy\" decoding=\"async\" class=\"aligncenter size-medium wp-image-1452\" src=\"http:\/\/wioskisos.org\/MWM\/wp-content\/uploads\/2014\/06\/FormatFactoryDSC05567-168x300.jpg\" alt=\"\" width=\"168\" height=\"300\" srcset=\"http:\/\/wioskisos.org\/MWM\/wp-content\/uploads\/2014\/06\/FormatFactoryDSC05567-168x300.jpg 168w, http:\/\/wioskisos.org\/MWM\/wp-content\/uploads\/2014\/06\/FormatFactoryDSC05567.jpg 269w\" sizes=\"(max-width: 168px) 100vw, 168px\" \/><\/a><\/p>\n","protected":false},"excerpt":{"rendered":"<p>Sebastian, Helena i Klaudia przyst\u0105pili do sakramentu bierzmowania &#8211; to wielkie \u015bwi\u0119to zar\u00f3wno dla nich jak i dla nas. Kilka uj\u0119\u0107 z tych wzruszaj\u0105cych chwil:<\/p>\n","protected":false},"author":2,"featured_media":0,"comment_status":"open","ping_status":"open","sticky":false,"template":"","format":"standard","meta":{"footnotes":""},"categories":[1],"tags":[],"_links":{"self":[{"href":"http:\/\/wioskisos.org\/MWM\/index.php?rest_route=\/wp\/v2\/posts\/1455"}],"collection":[{"href":"http:\/\/wioskisos.org\/MWM\/index.php?rest_route=\/wp\/v2\/posts"}],"about":[{"href":"http:\/\/wioskisos.org\/MWM\/index.php?rest_route=\/wp\/v2\/types\/post"}],"author":[{"embeddable":true,"href":"http:\/\/wioskisos.org\/MWM\/index.php?rest_route=\/wp\/v2\/users\/2"}],"replies":[{"embeddable":true,"href":"http:\/\/wioskisos.org\/MWM\/index.php?rest_route=%2Fwp%2Fv2%2Fcomments&post=1455"}],"version-history":[{"count":1,"href":"http:\/\/wioskisos.org\/MWM\/index.php?rest_route=\/wp\/v2\/posts\/1455\/revisions"}],"predecessor-version":[{"id":1456,"href":"http:\/\/wioskisos.org\/MWM\/index.php?rest_route=\/wp\/v2\/posts\/1455\/revisions\/1456"}],"wp:attachment":[{"href":"http:\/\/wioskisos.org\/MWM\/index.php?rest_route=%2Fwp%2Fv2%2Fmedia&parent=1455"}],"wp:term":[{"taxonomy":"category","embeddable":true,"href":"http:\/\/wioskisos.org\/MWM\/index.php?rest_route=%2Fwp%2Fv2%2Fcategories&post=1455"},{"taxonomy":"post_tag","embeddable":true,"href":"http:\/\/wioskisos.org\/MWM\/index.php?rest_route=%2Fwp%2Fv2%2Ftags&post=1455"}],"curies":[{"name":"wp","href":"https:\/\/api.w.org\/{rel}","templated":true}]}}