{"id":1421,"date":"2014-05-15T23:39:57","date_gmt":"2014-05-15T23:39:57","guid":{"rendered":"http:\/\/wioskisos.org\/MWM\/?p=1421"},"modified":"2014-05-15T23:39:57","modified_gmt":"2014-05-15T23:39:57","slug":"wyjatkowe-spotkanie","status":"publish","type":"post","link":"http:\/\/wioskisos.org\/MWM\/?p=1421","title":{"rendered":"wyj\u0105tkowe spotkanie"},"content":{"rendered":"<p><a href=\"http:\/\/wioskisos.org\/MWM\/wp-content\/uploads\/2014\/05\/FormatFactoryDSC05328.jpg\"><img loading=\"lazy\" decoding=\"async\" class=\"aligncenter size-medium wp-image-1419\" src=\"http:\/\/wioskisos.org\/MWM\/wp-content\/uploads\/2014\/05\/FormatFactoryDSC05328-300x167.jpg\" alt=\"FormatFactoryDSC05328\" width=\"300\" height=\"167\" srcset=\"http:\/\/wioskisos.org\/MWM\/wp-content\/uploads\/2014\/05\/FormatFactoryDSC05328-300x167.jpg 300w, http:\/\/wioskisos.org\/MWM\/wp-content\/uploads\/2014\/05\/FormatFactoryDSC05328.jpg 640w\" sizes=\"(max-width: 300px) 100vw, 300px\" \/><\/a><\/p>\n<p>Odwiedzi\u0142a nas Magda Stryjska &#8211; m\u0142oda zaledwie 18-letnia dziewczyna, kt\u00f3ra od kilku lat wspina si\u0119, a od wrze\u015bnia podejmie przygotowania do projektu wspinaczkowego realizowanego w Himalajach. Opowiada\u0142a o swojej pasji, pocz\u0105tkach, zmaganiach, wielkiej i pokornej mi\u0142o\u015bci do g\u00f3r przeplatanej \u017caglami&#8230;<\/p>\n<p>S\u0142uchali\u015bmy zadziwieni, poruszeni, zafascynowani&#8230;<\/p>\n<p><a href=\"http:\/\/wioskisos.org\/MWM\/wp-content\/uploads\/2014\/05\/FormatFactoryDSC05329.jpg\"><img loading=\"lazy\" decoding=\"async\" class=\"aligncenter size-medium wp-image-1420\" src=\"http:\/\/wioskisos.org\/MWM\/wp-content\/uploads\/2014\/05\/FormatFactoryDSC05329-300x167.jpg\" alt=\"FormatFactoryDSC05329\" width=\"300\" height=\"167\" srcset=\"http:\/\/wioskisos.org\/MWM\/wp-content\/uploads\/2014\/05\/FormatFactoryDSC05329-300x167.jpg 300w, http:\/\/wioskisos.org\/MWM\/wp-content\/uploads\/2014\/05\/FormatFactoryDSC05329.jpg 640w\" sizes=\"(max-width: 300px) 100vw, 300px\" \/><\/a><\/p>\n","protected":false},"excerpt":{"rendered":"<p>Odwiedzi\u0142a nas Magda Stryjska &#8211; m\u0142oda zaledwie 18-letnia dziewczyna, kt\u00f3ra od kilku lat wspina si\u0119, a od wrze\u015bnia podejmie przygotowania do projektu wspinaczkowego realizowanego w Himalajach. Opowiada\u0142a o swojej pasji, pocz\u0105tkach, zmaganiach, wielkiej i pokornej mi\u0142o\u015bci do g\u00f3r przeplatanej \u017caglami&#8230; S\u0142uchali\u015bmy zadziwieni, poruszeni, zafascynowani&#8230;<\/p>\n","protected":false},"author":2,"featured_media":0,"comment_status":"open","ping_status":"open","sticky":false,"template":"","format":"standard","meta":{"footnotes":""},"categories":[1],"tags":[],"_links":{"self":[{"href":"http:\/\/wioskisos.org\/MWM\/index.php?rest_route=\/wp\/v2\/posts\/1421"}],"collection":[{"href":"http:\/\/wioskisos.org\/MWM\/index.php?rest_route=\/wp\/v2\/posts"}],"about":[{"href":"http:\/\/wioskisos.org\/MWM\/index.php?rest_route=\/wp\/v2\/types\/post"}],"author":[{"embeddable":true,"href":"http:\/\/wioskisos.org\/MWM\/index.php?rest_route=\/wp\/v2\/users\/2"}],"replies":[{"embeddable":true,"href":"http:\/\/wioskisos.org\/MWM\/index.php?rest_route=%2Fwp%2Fv2%2Fcomments&post=1421"}],"version-history":[{"count":1,"href":"http:\/\/wioskisos.org\/MWM\/index.php?rest_route=\/wp\/v2\/posts\/1421\/revisions"}],"predecessor-version":[{"id":1422,"href":"http:\/\/wioskisos.org\/MWM\/index.php?rest_route=\/wp\/v2\/posts\/1421\/revisions\/1422"}],"wp:attachment":[{"href":"http:\/\/wioskisos.org\/MWM\/index.php?rest_route=%2Fwp%2Fv2%2Fmedia&parent=1421"}],"wp:term":[{"taxonomy":"category","embeddable":true,"href":"http:\/\/wioskisos.org\/MWM\/index.php?rest_route=%2Fwp%2Fv2%2Fcategories&post=1421"},{"taxonomy":"post_tag","embeddable":true,"href":"http:\/\/wioskisos.org\/MWM\/index.php?rest_route=%2Fwp%2Fv2%2Ftags&post=1421"}],"curies":[{"name":"wp","href":"https:\/\/api.w.org\/{rel}","templated":true}]}}