{"id":1385,"date":"2014-02-20T13:17:18","date_gmt":"2014-02-20T13:17:18","guid":{"rendered":"http:\/\/wioskisos.org\/MWM\/?p=1385"},"modified":"2014-02-20T13:17:18","modified_gmt":"2014-02-20T13:17:18","slug":"spotkanie-w-mwm","status":"publish","type":"post","link":"http:\/\/wioskisos.org\/MWM\/?p=1385","title":{"rendered":"spotkanie w MWM"},"content":{"rendered":"<p>W \u015brodowe popo\u0142udnie spotkali\u015bmy si\u0119 przy kawie i herbacie z przedstawicielami r\u00f3\u017cnych organizacji, instytucji, z osobami zaprzyja\u017anionymi z SOS-em. By\u0142y rozmowy o tym, jakiego rodzaju wsp\u00f3\u0142prac\u0105 jeste\u015bmy zainteresowani i na czym zale\u017cy nam w kontakcie z naszymi partnerami. M\u00f3wili\u015bmy o standardach naszej pracy oraz misji i wizji Stowarzyszenia. Na spotkaniu obecni byli nasi podopieczni oraz kadra MWM Koszalin.<\/p>\n<div id=\"attachment_1382\" style=\"width: 650px\" class=\"wp-caption aligncenter\"><a href=\"http:\/\/wioskisos.org\/MWM\/wp-content\/uploads\/2014\/02\/go\u015bcie-ogl\u0105daj\u0105-kronik\u0119-a-Pan-Grzegorz-opowiada-o-SOS-ie.jpg\"><img loading=\"lazy\" decoding=\"async\" aria-describedby=\"caption-attachment-1382\" class=\"size-full wp-image-1382\" title=\"go\u015bcie ogl\u0105daj\u0105 kronik\u0119 a Pan Grzegorz opowiada o SOS-ie\" src=\"http:\/\/wioskisos.org\/MWM\/wp-content\/uploads\/2014\/02\/go\u015bcie-ogl\u0105daj\u0105-kronik\u0119-a-Pan-Grzegorz-opowiada-o-SOS-ie.jpg\" alt=\"\" width=\"640\" height=\"358\" srcset=\"http:\/\/wioskisos.org\/MWM\/wp-content\/uploads\/2014\/02\/go\u015bcie-ogl\u0105daj\u0105-kronik\u0119-a-Pan-Grzegorz-opowiada-o-SOS-ie.jpg 640w, http:\/\/wioskisos.org\/MWM\/wp-content\/uploads\/2014\/02\/go\u015bcie-ogl\u0105daj\u0105-kronik\u0119-a-Pan-Grzegorz-opowiada-o-SOS-ie-300x167.jpg 300w\" sizes=\"(max-width: 640px) 100vw, 640px\" \/><\/a><p id=\"caption-attachment-1382\" class=\"wp-caption-text\">go\u015bcie ogl\u0105daj\u0105 kronik\u0119 a Pan Grzegorz opowiada o SOS-ie<\/p><\/div>\n<div id=\"attachment_1383\" style=\"width: 310px\" class=\"wp-caption aligncenter\"><a href=\"http:\/\/wioskisos.org\/MWM\/wp-content\/uploads\/2014\/02\/za-chwil\u0119-poka\u017cemy-zdj\u0119cia-filmiki-raporty....jpg\"><img loading=\"lazy\" decoding=\"async\" aria-describedby=\"caption-attachment-1383\" class=\"size-medium wp-image-1383\" title=\"za chwil\u0119 poka\u017cemy zdj\u0119cia, filmiki, raporty...\" src=\"http:\/\/wioskisos.org\/MWM\/wp-content\/uploads\/2014\/02\/za-chwil\u0119-poka\u017cemy-zdj\u0119cia-filmiki-raporty...-300x167.jpg\" alt=\"\" width=\"300\" height=\"167\" srcset=\"http:\/\/wioskisos.org\/MWM\/wp-content\/uploads\/2014\/02\/za-chwil\u0119-poka\u017cemy-zdj\u0119cia-filmiki-raporty...-300x167.jpg 300w, http:\/\/wioskisos.org\/MWM\/wp-content\/uploads\/2014\/02\/za-chwil\u0119-poka\u017cemy-zdj\u0119cia-filmiki-raporty....jpg 640w\" sizes=\"(max-width: 300px) 100vw, 300px\" \/><\/a><p id=\"caption-attachment-1383\" class=\"wp-caption-text\">za chwil\u0119 poka\u017cemy zdj\u0119cia, filmiki, raporty...<\/p><\/div>\n<div id=\"attachment_1384\" style=\"width: 310px\" class=\"wp-caption aligncenter\"><a href=\"http:\/\/wioskisos.org\/MWM\/wp-content\/uploads\/2014\/02\/zwiedzanie-MWM.jpg\"><img loading=\"lazy\" decoding=\"async\" aria-describedby=\"caption-attachment-1384\" class=\"size-medium wp-image-1384\" title=\"zwiedzanie MWM\" src=\"http:\/\/wioskisos.org\/MWM\/wp-content\/uploads\/2014\/02\/zwiedzanie-MWM-300x167.jpg\" alt=\"\" width=\"300\" height=\"167\" srcset=\"http:\/\/wioskisos.org\/MWM\/wp-content\/uploads\/2014\/02\/zwiedzanie-MWM-300x167.jpg 300w, http:\/\/wioskisos.org\/MWM\/wp-content\/uploads\/2014\/02\/zwiedzanie-MWM.jpg 640w\" sizes=\"(max-width: 300px) 100vw, 300px\" \/><\/a><p id=\"caption-attachment-1384\" class=\"wp-caption-text\">zwiedzanie MWM<\/p><\/div>\n","protected":false},"excerpt":{"rendered":"<p>W \u015brodowe popo\u0142udnie spotkali\u015bmy si\u0119 przy kawie i herbacie z przedstawicielami r\u00f3\u017cnych organizacji, instytucji, z osobami zaprzyja\u017anionymi z SOS-em. By\u0142y rozmowy o tym, jakiego rodzaju wsp\u00f3\u0142prac\u0105 jeste\u015bmy zainteresowani i na czym zale\u017cy nam w kontakcie z naszymi partnerami. M\u00f3wili\u015bmy o standardach naszej pracy oraz misji i wizji Stowarzyszenia. Na spotkaniu obecni byli nasi podopieczni oraz [&hellip;]<\/p>\n","protected":false},"author":2,"featured_media":0,"comment_status":"open","ping_status":"open","sticky":false,"template":"","format":"standard","meta":{"footnotes":""},"categories":[1],"tags":[],"_links":{"self":[{"href":"http:\/\/wioskisos.org\/MWM\/index.php?rest_route=\/wp\/v2\/posts\/1385"}],"collection":[{"href":"http:\/\/wioskisos.org\/MWM\/index.php?rest_route=\/wp\/v2\/posts"}],"about":[{"href":"http:\/\/wioskisos.org\/MWM\/index.php?rest_route=\/wp\/v2\/types\/post"}],"author":[{"embeddable":true,"href":"http:\/\/wioskisos.org\/MWM\/index.php?rest_route=\/wp\/v2\/users\/2"}],"replies":[{"embeddable":true,"href":"http:\/\/wioskisos.org\/MWM\/index.php?rest_route=%2Fwp%2Fv2%2Fcomments&post=1385"}],"version-history":[{"count":1,"href":"http:\/\/wioskisos.org\/MWM\/index.php?rest_route=\/wp\/v2\/posts\/1385\/revisions"}],"predecessor-version":[{"id":1386,"href":"http:\/\/wioskisos.org\/MWM\/index.php?rest_route=\/wp\/v2\/posts\/1385\/revisions\/1386"}],"wp:attachment":[{"href":"http:\/\/wioskisos.org\/MWM\/index.php?rest_route=%2Fwp%2Fv2%2Fmedia&parent=1385"}],"wp:term":[{"taxonomy":"category","embeddable":true,"href":"http:\/\/wioskisos.org\/MWM\/index.php?rest_route=%2Fwp%2Fv2%2Fcategories&post=1385"},{"taxonomy":"post_tag","embeddable":true,"href":"http:\/\/wioskisos.org\/MWM\/index.php?rest_route=%2Fwp%2Fv2%2Ftags&post=1385"}],"curies":[{"name":"wp","href":"https:\/\/api.w.org\/{rel}","templated":true}]}}