{"id":1305,"date":"2013-12-04T15:59:42","date_gmt":"2013-12-04T15:59:42","guid":{"rendered":"http:\/\/wioskisos.org\/MWM\/?p=1305"},"modified":"2013-12-04T15:59:42","modified_gmt":"2013-12-04T15:59:42","slug":"konferencja","status":"publish","type":"post","link":"http:\/\/wioskisos.org\/MWM\/?p=1305","title":{"rendered":"konferencja"},"content":{"rendered":"<p>W konferencji, na kt\u00f3rej wyst\u0105pi\u0142a Minister Agnieszka Koz\u0142owska-Rajewicz Pe\u0142nomocnik Rz\u0105du ds. R\u00f3wnego Traktowania, bra\u0142a udzia\u0142 wychowawczyni MWM Koszalin Marta Soko\u0142owska-Mr\u00f3z &#8211; konferencja dotyczy\u0142a problemu przemocy w rodzinie.<\/p>\n<p><a href=\"http:\/\/wioskisos.org\/MWM\/wp-content\/uploads\/2013\/12\/946992_733815813314483_2007875335_n.jpg\"><img loading=\"lazy\" decoding=\"async\" class=\"aligncenter size-medium wp-image-1298\" src=\"http:\/\/wioskisos.org\/MWM\/wp-content\/uploads\/2013\/12\/946992_733815813314483_2007875335_n-232x300.jpg\" alt=\"\" width=\"232\" height=\"300\" srcset=\"http:\/\/wioskisos.org\/MWM\/wp-content\/uploads\/2013\/12\/946992_733815813314483_2007875335_n-232x300.jpg 232w, http:\/\/wioskisos.org\/MWM\/wp-content\/uploads\/2013\/12\/946992_733815813314483_2007875335_n.jpg 662w\" sizes=\"(max-width: 232px) 100vw, 232px\" \/><\/a><a href=\"http:\/\/wioskisos.org\/MWM\/wp-content\/uploads\/2013\/12\/konferencja.jpg\"><img loading=\"lazy\" decoding=\"async\" class=\"aligncenter size-medium wp-image-1297\" src=\"http:\/\/wioskisos.org\/MWM\/wp-content\/uploads\/2013\/12\/konferencja-300x195.jpg\" alt=\"\" width=\"300\" height=\"195\" srcset=\"http:\/\/wioskisos.org\/MWM\/wp-content\/uploads\/2013\/12\/konferencja-300x195.jpg 300w, http:\/\/wioskisos.org\/MWM\/wp-content\/uploads\/2013\/12\/konferencja.jpg 800w\" sizes=\"(max-width: 300px) 100vw, 300px\" \/><\/a><\/p>\n","protected":false},"excerpt":{"rendered":"<p>W konferencji, na kt\u00f3rej wyst\u0105pi\u0142a Minister Agnieszka Koz\u0142owska-Rajewicz Pe\u0142nomocnik Rz\u0105du ds. R\u00f3wnego Traktowania, bra\u0142a udzia\u0142 wychowawczyni MWM Koszalin Marta Soko\u0142owska-Mr\u00f3z &#8211; konferencja dotyczy\u0142a problemu przemocy w rodzinie.<\/p>\n","protected":false},"author":2,"featured_media":0,"comment_status":"open","ping_status":"open","sticky":false,"template":"","format":"standard","meta":{"footnotes":""},"categories":[1],"tags":[],"_links":{"self":[{"href":"http:\/\/wioskisos.org\/MWM\/index.php?rest_route=\/wp\/v2\/posts\/1305"}],"collection":[{"href":"http:\/\/wioskisos.org\/MWM\/index.php?rest_route=\/wp\/v2\/posts"}],"about":[{"href":"http:\/\/wioskisos.org\/MWM\/index.php?rest_route=\/wp\/v2\/types\/post"}],"author":[{"embeddable":true,"href":"http:\/\/wioskisos.org\/MWM\/index.php?rest_route=\/wp\/v2\/users\/2"}],"replies":[{"embeddable":true,"href":"http:\/\/wioskisos.org\/MWM\/index.php?rest_route=%2Fwp%2Fv2%2Fcomments&post=1305"}],"version-history":[{"count":2,"href":"http:\/\/wioskisos.org\/MWM\/index.php?rest_route=\/wp\/v2\/posts\/1305\/revisions"}],"predecessor-version":[{"id":1307,"href":"http:\/\/wioskisos.org\/MWM\/index.php?rest_route=\/wp\/v2\/posts\/1305\/revisions\/1307"}],"wp:attachment":[{"href":"http:\/\/wioskisos.org\/MWM\/index.php?rest_route=%2Fwp%2Fv2%2Fmedia&parent=1305"}],"wp:term":[{"taxonomy":"category","embeddable":true,"href":"http:\/\/wioskisos.org\/MWM\/index.php?rest_route=%2Fwp%2Fv2%2Fcategories&post=1305"},{"taxonomy":"post_tag","embeddable":true,"href":"http:\/\/wioskisos.org\/MWM\/index.php?rest_route=%2Fwp%2Fv2%2Ftags&post=1305"}],"curies":[{"name":"wp","href":"https:\/\/api.w.org\/{rel}","templated":true}]}}