{"id":1249,"date":"2013-09-07T23:47:16","date_gmt":"2013-09-07T23:47:16","guid":{"rendered":"http:\/\/wioskisos.org\/MWM\/?p=1249"},"modified":"2013-09-07T23:47:16","modified_gmt":"2013-09-07T23:47:16","slug":"urodziny-mwm-koszalin-i-wd-karlino","status":"publish","type":"post","link":"http:\/\/wioskisos.org\/MWM\/?p=1249","title":{"rendered":"Urodziny MWM Koszalin i WD Karlino"},"content":{"rendered":"<p>7.09.2013 \u015bwi\u0119towali\u015bmy 8 urodziny Wioski Dzieci\u0119cej w Karlinie oraz 3 urodziny MWM Koszalin. By\u0142y wyst\u0119py i podzi\u0119kowania i wzruszenia&#8230; Czas p\u0142ynie przynosz\u0105c r\u00f3\u017cnorodne do\u015bwiadczenia &#8211; \u017cyczymy sobie samych pogodnych dni!<\/p>\n<div id=\"attachment_1247\" style=\"width: 310px\" class=\"wp-caption aligncenter\"><a href=\"http:\/\/wioskisos.org\/MWM\/wp-content\/uploads\/2013\/09\/\u0141ukasz-w-transie-podczas-wystepu.jpg\"><img loading=\"lazy\" decoding=\"async\" aria-describedby=\"caption-attachment-1247\" class=\"size-medium wp-image-1247\" title=\"\u0141ukasz w transie podczas wyst\u0119pu\" src=\"http:\/\/wioskisos.org\/MWM\/wp-content\/uploads\/2013\/09\/\u0141ukasz-w-transie-podczas-wystepu-300x167.jpg\" alt=\"\" width=\"300\" height=\"167\" srcset=\"http:\/\/wioskisos.org\/MWM\/wp-content\/uploads\/2013\/09\/\u0141ukasz-w-transie-podczas-wystepu-300x167.jpg 300w, http:\/\/wioskisos.org\/MWM\/wp-content\/uploads\/2013\/09\/\u0141ukasz-w-transie-podczas-wystepu.jpg 320w\" sizes=\"(max-width: 300px) 100vw, 300px\" \/><\/a><p id=\"caption-attachment-1247\" class=\"wp-caption-text\">\u0141ukasz w transie podczas wyst\u0119pu<\/p><\/div>\n<div id=\"attachment_1248\" style=\"width: 144px\" class=\"wp-caption aligncenter\"><a href=\"http:\/\/wioskisos.org\/MWM\/wp-content\/uploads\/2013\/09\/Klaudia-z-Helen\u0105-z-u\u015bmiechem.jpg\"><img loading=\"lazy\" decoding=\"async\" aria-describedby=\"caption-attachment-1248\" class=\"size-full wp-image-1248\" title=\"Klaudia z Helen\u0105 - z u\u015bmiechem\" src=\"http:\/\/wioskisos.org\/MWM\/wp-content\/uploads\/2013\/09\/Klaudia-z-Helen\u0105-z-u\u015bmiechem.jpg\" alt=\"\" width=\"134\" height=\"240\" \/><\/a><p id=\"caption-attachment-1248\" class=\"wp-caption-text\">Klaudia z Helen\u0105 - z u\u015bmiechem<\/p><\/div>\n","protected":false},"excerpt":{"rendered":"<p>7.09.2013 \u015bwi\u0119towali\u015bmy 8 urodziny Wioski Dzieci\u0119cej w Karlinie oraz 3 urodziny MWM Koszalin. By\u0142y wyst\u0119py i podzi\u0119kowania i wzruszenia&#8230; Czas p\u0142ynie przynosz\u0105c r\u00f3\u017cnorodne do\u015bwiadczenia &#8211; \u017cyczymy sobie samych pogodnych dni!<\/p>\n","protected":false},"author":2,"featured_media":0,"comment_status":"open","ping_status":"open","sticky":false,"template":"","format":"standard","meta":{"footnotes":""},"categories":[1],"tags":[],"_links":{"self":[{"href":"http:\/\/wioskisos.org\/MWM\/index.php?rest_route=\/wp\/v2\/posts\/1249"}],"collection":[{"href":"http:\/\/wioskisos.org\/MWM\/index.php?rest_route=\/wp\/v2\/posts"}],"about":[{"href":"http:\/\/wioskisos.org\/MWM\/index.php?rest_route=\/wp\/v2\/types\/post"}],"author":[{"embeddable":true,"href":"http:\/\/wioskisos.org\/MWM\/index.php?rest_route=\/wp\/v2\/users\/2"}],"replies":[{"embeddable":true,"href":"http:\/\/wioskisos.org\/MWM\/index.php?rest_route=%2Fwp%2Fv2%2Fcomments&post=1249"}],"version-history":[{"count":2,"href":"http:\/\/wioskisos.org\/MWM\/index.php?rest_route=\/wp\/v2\/posts\/1249\/revisions"}],"predecessor-version":[{"id":1251,"href":"http:\/\/wioskisos.org\/MWM\/index.php?rest_route=\/wp\/v2\/posts\/1249\/revisions\/1251"}],"wp:attachment":[{"href":"http:\/\/wioskisos.org\/MWM\/index.php?rest_route=%2Fwp%2Fv2%2Fmedia&parent=1249"}],"wp:term":[{"taxonomy":"category","embeddable":true,"href":"http:\/\/wioskisos.org\/MWM\/index.php?rest_route=%2Fwp%2Fv2%2Fcategories&post=1249"},{"taxonomy":"post_tag","embeddable":true,"href":"http:\/\/wioskisos.org\/MWM\/index.php?rest_route=%2Fwp%2Fv2%2Ftags&post=1249"}],"curies":[{"name":"wp","href":"https:\/\/api.w.org\/{rel}","templated":true}]}}