{"id":1152,"date":"2013-06-02T12:32:17","date_gmt":"2013-06-02T12:32:17","guid":{"rendered":"http:\/\/wioskisos.org\/MWM\/?p=1152"},"modified":"2013-06-02T12:32:17","modified_gmt":"2013-06-02T12:32:17","slug":"dzien-dziecka-2013","status":"publish","type":"post","link":"http:\/\/wioskisos.org\/MWM\/?p=1152","title":{"rendered":"Dzie\u0144 Dziecka 2013"},"content":{"rendered":"<p>W ramach \u015bw\u0119ta dzieci\u0119cego zabrali\u015bmy ze sob\u0105 nasz\u0105 Demi i\u00a0pojechali\u015bmy nad morze, a tam spacer, obiad i lody &#8211; obowi\u0105zkowo :). Dzie\u0144 Dziecka dla wychowank\u00f3w MWM ma jeszcze jedn\u0105 tradycj\u0119: uczestnicz\u0105 w nim wychowankowie WD Karlino, kt\u00f3rzy od wrze\u015bnia zamieszkaj\u0105 w MWM Koszalin.<\/p>\n<div id=\"attachment_1148\" style=\"width: 310px\" class=\"wp-caption aligncenter\"><a href=\"http:\/\/wioskisos.org\/MWM\/wp-content\/uploads\/2013\/06\/spacer-po-pla\u017cy-w-Unie\u015bciu-w-kierunku-kana\u0142u.jpg\"><img loading=\"lazy\" decoding=\"async\" aria-describedby=\"caption-attachment-1148\" class=\"size-medium wp-image-1148\" title=\"spacer po pla\u017cy w Unie\u015bciu w kierunku kana\u0142u\" src=\"http:\/\/wioskisos.org\/MWM\/wp-content\/uploads\/2013\/06\/spacer-po-pla\u017cy-w-Unie\u015bciu-w-kierunku-kana\u0142u-300x167.jpg\" alt=\"\" width=\"300\" height=\"167\" srcset=\"http:\/\/wioskisos.org\/MWM\/wp-content\/uploads\/2013\/06\/spacer-po-pla\u017cy-w-Unie\u015bciu-w-kierunku-kana\u0142u-300x167.jpg 300w, http:\/\/wioskisos.org\/MWM\/wp-content\/uploads\/2013\/06\/spacer-po-pla\u017cy-w-Unie\u015bciu-w-kierunku-kana\u0142u.jpg 640w\" sizes=\"(max-width: 300px) 100vw, 300px\" \/><\/a><p id=\"caption-attachment-1148\" class=\"wp-caption-text\">spacer po pla\u017cy w Unie\u015bciu w kierunku kana\u0142u<\/p><\/div>\n<div id=\"attachment_1149\" style=\"width: 310px\" class=\"wp-caption aligncenter\"><a href=\"http:\/\/wioskisos.org\/MWM\/wp-content\/uploads\/2013\/06\/\u0141ukasz-przechodzi-do-MWM-a-Sylwia-usamodzielni-si\u0119.jpg\"><img loading=\"lazy\" decoding=\"async\" aria-describedby=\"caption-attachment-1149\" class=\"size-medium wp-image-1149\" title=\"\u0141ukasz przechodzi do MWM a Sylwia usamodzielni si\u0119\" src=\"http:\/\/wioskisos.org\/MWM\/wp-content\/uploads\/2013\/06\/\u0141ukasz-przechodzi-do-MWM-a-Sylwia-usamodzielni-si\u0119-300x167.jpg\" alt=\"\" width=\"300\" height=\"167\" srcset=\"http:\/\/wioskisos.org\/MWM\/wp-content\/uploads\/2013\/06\/\u0141ukasz-przechodzi-do-MWM-a-Sylwia-usamodzielni-si\u0119-300x167.jpg 300w, http:\/\/wioskisos.org\/MWM\/wp-content\/uploads\/2013\/06\/\u0141ukasz-przechodzi-do-MWM-a-Sylwia-usamodzielni-si\u0119.jpg 640w\" sizes=\"(max-width: 300px) 100vw, 300px\" \/><\/a><p id=\"caption-attachment-1149\" class=\"wp-caption-text\">\u0141ukasz przechodzi do MWM a Sylwia usamodzielni si\u0119<\/p><\/div>\n<div id=\"attachment_1150\" style=\"width: 178px\" class=\"wp-caption aligncenter\"><a href=\"http:\/\/wioskisos.org\/MWM\/wp-content\/uploads\/2013\/06\/Klaudia-ju\u017c-wkr\u00f3tce-zamieszka-w-MWM.jpg\"><img loading=\"lazy\" decoding=\"async\" aria-describedby=\"caption-attachment-1150\" class=\"size-medium wp-image-1150\" title=\"Klaudia ju\u017c wkr\u00f3tce zamieszka w MWM\" src=\"http:\/\/wioskisos.org\/MWM\/wp-content\/uploads\/2013\/06\/Klaudia-ju\u017c-wkr\u00f3tce-zamieszka-w-MWM-168x300.jpg\" alt=\"\" width=\"168\" height=\"300\" srcset=\"http:\/\/wioskisos.org\/MWM\/wp-content\/uploads\/2013\/06\/Klaudia-ju\u017c-wkr\u00f3tce-zamieszka-w-MWM-168x300.jpg 168w, http:\/\/wioskisos.org\/MWM\/wp-content\/uploads\/2013\/06\/Klaudia-ju\u017c-wkr\u00f3tce-zamieszka-w-MWM.jpg 269w\" sizes=\"(max-width: 168px) 100vw, 168px\" \/><\/a><p id=\"caption-attachment-1150\" class=\"wp-caption-text\">Klaudia ju\u017c wkr\u00f3tce zamieszka w MWM<\/p><\/div>\n<div id=\"attachment_1151\" style=\"width: 178px\" class=\"wp-caption aligncenter\"><a href=\"http:\/\/wioskisos.org\/MWM\/wp-content\/uploads\/2013\/06\/Dagmara-od-wrze\u015bnia-poszerzy-sk\u0142ad-MWM.jpg\"><img loading=\"lazy\" decoding=\"async\" aria-describedby=\"caption-attachment-1151\" class=\"size-medium wp-image-1151\" title=\"Dagmara - r\u00f3wnie\u017c poszerzy sk\u0142ad MWM Koszalin\" src=\"http:\/\/wioskisos.org\/MWM\/wp-content\/uploads\/2013\/06\/Dagmara-od-wrze\u015bnia-poszerzy-sk\u0142ad-MWM-168x300.jpg\" alt=\"\" width=\"168\" height=\"300\" srcset=\"http:\/\/wioskisos.org\/MWM\/wp-content\/uploads\/2013\/06\/Dagmara-od-wrze\u015bnia-poszerzy-sk\u0142ad-MWM-168x300.jpg 168w, http:\/\/wioskisos.org\/MWM\/wp-content\/uploads\/2013\/06\/Dagmara-od-wrze\u015bnia-poszerzy-sk\u0142ad-MWM.jpg 269w\" sizes=\"(max-width: 168px) 100vw, 168px\" \/><\/a><p id=\"caption-attachment-1151\" class=\"wp-caption-text\">Dagmara - r\u00f3wnie\u017c poszerzy sk\u0142ad MWM Koszalin<\/p><\/div>\n","protected":false},"excerpt":{"rendered":"<p>W ramach \u015bw\u0119ta dzieci\u0119cego zabrali\u015bmy ze sob\u0105 nasz\u0105 Demi i\u00a0pojechali\u015bmy nad morze, a tam spacer, obiad i lody &#8211; obowi\u0105zkowo :). Dzie\u0144 Dziecka dla wychowank\u00f3w MWM ma jeszcze jedn\u0105 tradycj\u0119: uczestnicz\u0105 w nim wychowankowie WD Karlino, kt\u00f3rzy od wrze\u015bnia zamieszkaj\u0105 w MWM Koszalin.<\/p>\n","protected":false},"author":2,"featured_media":0,"comment_status":"open","ping_status":"open","sticky":false,"template":"","format":"standard","meta":{"footnotes":""},"categories":[1],"tags":[],"_links":{"self":[{"href":"http:\/\/wioskisos.org\/MWM\/index.php?rest_route=\/wp\/v2\/posts\/1152"}],"collection":[{"href":"http:\/\/wioskisos.org\/MWM\/index.php?rest_route=\/wp\/v2\/posts"}],"about":[{"href":"http:\/\/wioskisos.org\/MWM\/index.php?rest_route=\/wp\/v2\/types\/post"}],"author":[{"embeddable":true,"href":"http:\/\/wioskisos.org\/MWM\/index.php?rest_route=\/wp\/v2\/users\/2"}],"replies":[{"embeddable":true,"href":"http:\/\/wioskisos.org\/MWM\/index.php?rest_route=%2Fwp%2Fv2%2Fcomments&post=1152"}],"version-history":[{"count":2,"href":"http:\/\/wioskisos.org\/MWM\/index.php?rest_route=\/wp\/v2\/posts\/1152\/revisions"}],"predecessor-version":[{"id":1154,"href":"http:\/\/wioskisos.org\/MWM\/index.php?rest_route=\/wp\/v2\/posts\/1152\/revisions\/1154"}],"wp:attachment":[{"href":"http:\/\/wioskisos.org\/MWM\/index.php?rest_route=%2Fwp%2Fv2%2Fmedia&parent=1152"}],"wp:term":[{"taxonomy":"category","embeddable":true,"href":"http:\/\/wioskisos.org\/MWM\/index.php?rest_route=%2Fwp%2Fv2%2Fcategories&post=1152"},{"taxonomy":"post_tag","embeddable":true,"href":"http:\/\/wioskisos.org\/MWM\/index.php?rest_route=%2Fwp%2Fv2%2Ftags&post=1152"}],"curies":[{"name":"wp","href":"https:\/\/api.w.org\/{rel}","templated":true}]}}