{"id":1089,"date":"2013-05-03T17:29:07","date_gmt":"2013-05-03T17:29:07","guid":{"rendered":"http:\/\/wioskisos.org\/MWM\/?p=1089"},"modified":"2013-05-03T17:29:07","modified_gmt":"2013-05-03T17:29:07","slug":"59-ogolnopolski-majowy-rajd-swietokrzyski","status":"publish","type":"post","link":"http:\/\/wioskisos.org\/MWM\/?p=1089","title":{"rendered":"59 Og\u00f3lnopolski Majowy Rajd \u015awi\u0119tokrzyski"},"content":{"rendered":"<p>Komu zabrak\u0142o odwagi &#8211; niech \u017ca\u0142uje &#8211; prze\u017cyli\u015bmy koeljny raz najbardziej wyj\u0105tkow\u0105 maj\u00f3wk\u0119. Sami zobaczcie! \ud83d\ude00<\/p>\n<p>POCZ\u0104TEK 28.04.2013<\/p>\n<div id=\"attachment_1084\" style=\"width: 310px\" class=\"wp-caption aligncenter\"><a href=\"http:\/\/wioskisos.org\/MWM\/wp-content\/uploads\/2013\/05\/Kielce.jpg\"><img loading=\"lazy\" decoding=\"async\" aria-describedby=\"caption-attachment-1084\" class=\"size-medium wp-image-1084\" title=\"Kielce \" src=\"http:\/\/wioskisos.org\/MWM\/wp-content\/uploads\/2013\/05\/Kielce-300x167.jpg\" alt=\"\" width=\"300\" height=\"167\" srcset=\"http:\/\/wioskisos.org\/MWM\/wp-content\/uploads\/2013\/05\/Kielce-300x167.jpg 300w, http:\/\/wioskisos.org\/MWM\/wp-content\/uploads\/2013\/05\/Kielce.jpg 640w\" sizes=\"(max-width: 300px) 100vw, 300px\" \/><\/a><p id=\"caption-attachment-1084\" class=\"wp-caption-text\">Kielce<\/p><\/div>\n<p>DZIE\u0143 PIERWSZY RAJDU 29.04.2013<\/p>\n<div id=\"attachment_1086\" style=\"width: 310px\" class=\"wp-caption aligncenter\"><a href=\"http:\/\/wioskisos.org\/MWM\/wp-content\/uploads\/2013\/05\/nad-Jaskini\u0105-Zb\u00f3jeck\u0105.jpg\"><img loading=\"lazy\" decoding=\"async\" aria-describedby=\"caption-attachment-1086\" class=\"size-medium wp-image-1086\" title=\"nad Jaskini\u0105 Zb\u00f3jeck\u0105\" src=\"http:\/\/wioskisos.org\/MWM\/wp-content\/uploads\/2013\/05\/nad-Jaskini\u0105-Zb\u00f3jeck\u0105-300x167.jpg\" alt=\"\" width=\"300\" height=\"167\" srcset=\"http:\/\/wioskisos.org\/MWM\/wp-content\/uploads\/2013\/05\/nad-Jaskini\u0105-Zb\u00f3jeck\u0105-300x167.jpg 300w, http:\/\/wioskisos.org\/MWM\/wp-content\/uploads\/2013\/05\/nad-Jaskini\u0105-Zb\u00f3jeck\u0105.jpg 640w\" sizes=\"(max-width: 300px) 100vw, 300px\" \/><\/a><p id=\"caption-attachment-1086\" class=\"wp-caption-text\">nad Jaskini\u0105 Zb\u00f3jeck\u0105<\/p><\/div>\n<div id=\"attachment_1080\" style=\"width: 178px\" class=\"wp-caption aligncenter\"><a href=\"http:\/\/wioskisos.org\/MWM\/wp-content\/uploads\/2013\/05\/dziewczyny-na-rajdzie-na-medal.jpg\"><img loading=\"lazy\" decoding=\"async\" aria-describedby=\"caption-attachment-1080\" class=\"size-medium wp-image-1080\" title=\"dziewczyny na rajdzie - na medal\" src=\"http:\/\/wioskisos.org\/MWM\/wp-content\/uploads\/2013\/05\/dziewczyny-na-rajdzie-na-medal-168x300.jpg\" alt=\"\" width=\"168\" height=\"300\" srcset=\"http:\/\/wioskisos.org\/MWM\/wp-content\/uploads\/2013\/05\/dziewczyny-na-rajdzie-na-medal-168x300.jpg 168w, http:\/\/wioskisos.org\/MWM\/wp-content\/uploads\/2013\/05\/dziewczyny-na-rajdzie-na-medal.jpg 269w\" sizes=\"(max-width: 168px) 100vw, 168px\" \/><\/a><p id=\"caption-attachment-1080\" class=\"wp-caption-text\">dziewczyny na rajdzie - na medal<\/p><\/div>\n<p>DZIE\u0143\u00a0DRUGI RAJDU 30.04.2013<\/p>\n<div id=\"attachment_1082\" style=\"width: 310px\" class=\"wp-caption aligncenter\"><a href=\"http:\/\/wioskisos.org\/MWM\/wp-content\/uploads\/2013\/05\/G\u00f3ra-\u0141ysiec.jpg\"><img loading=\"lazy\" decoding=\"async\" aria-describedby=\"caption-attachment-1082\" class=\"size-medium wp-image-1082\" title=\"G\u00f3ra \u0141ysiec\" src=\"http:\/\/wioskisos.org\/MWM\/wp-content\/uploads\/2013\/05\/G\u00f3ra-\u0141ysiec-300x65.jpg\" alt=\"\" width=\"300\" height=\"65\" srcset=\"http:\/\/wioskisos.org\/MWM\/wp-content\/uploads\/2013\/05\/G\u00f3ra-\u0141ysiec-300x65.jpg 300w, http:\/\/wioskisos.org\/MWM\/wp-content\/uploads\/2013\/05\/G\u00f3ra-\u0141ysiec.jpg 640w\" sizes=\"(max-width: 300px) 100vw, 300px\" \/><\/a><p id=\"caption-attachment-1082\" class=\"wp-caption-text\">G\u00f3ra \u0141ysiec<\/p><\/div>\n<div id=\"attachment_1083\" style=\"width: 310px\" class=\"wp-caption aligncenter\"><a href=\"http:\/\/wioskisos.org\/MWM\/wp-content\/uploads\/2013\/05\/Kakonin-ponad-20-km-trasy.jpg\"><img loading=\"lazy\" decoding=\"async\" aria-describedby=\"caption-attachment-1083\" class=\"size-medium wp-image-1083\" title=\"Kakonin - ponad 20 km trasy\" src=\"http:\/\/wioskisos.org\/MWM\/wp-content\/uploads\/2013\/05\/Kakonin-ponad-20-km-trasy-300x167.jpg\" alt=\"\" width=\"300\" height=\"167\" srcset=\"http:\/\/wioskisos.org\/MWM\/wp-content\/uploads\/2013\/05\/Kakonin-ponad-20-km-trasy-300x167.jpg 300w, http:\/\/wioskisos.org\/MWM\/wp-content\/uploads\/2013\/05\/Kakonin-ponad-20-km-trasy.jpg 640w\" sizes=\"(max-width: 300px) 100vw, 300px\" \/><\/a><p id=\"caption-attachment-1083\" class=\"wp-caption-text\">Kakonin - ponad 20 km trasy<\/p><\/div>\n<p>DZIE\u0143\u00a0TRZECI RAJDU 01.05.2013<\/p>\n<div id=\"attachment_1087\" style=\"width: 310px\" class=\"wp-caption aligncenter\"><a href=\"http:\/\/wioskisos.org\/MWM\/wp-content\/uploads\/2013\/05\/przed-wyj\u015bciem-na-\u015bw.-Katarzyn\u0119.jpg\"><img loading=\"lazy\" decoding=\"async\" aria-describedby=\"caption-attachment-1087\" class=\"size-medium wp-image-1087\" title=\"przed wyj\u015bciem na \u015bw. Katarzyn\u0119\" src=\"http:\/\/wioskisos.org\/MWM\/wp-content\/uploads\/2013\/05\/przed-wyj\u015bciem-na-\u015bw.-Katarzyn\u0119-300x167.jpg\" alt=\"\" width=\"300\" height=\"167\" srcset=\"http:\/\/wioskisos.org\/MWM\/wp-content\/uploads\/2013\/05\/przed-wyj\u015bciem-na-\u015bw.-Katarzyn\u0119-300x167.jpg 300w, http:\/\/wioskisos.org\/MWM\/wp-content\/uploads\/2013\/05\/przed-wyj\u015bciem-na-\u015bw.-Katarzyn\u0119.jpg 640w\" sizes=\"(max-width: 300px) 100vw, 300px\" \/><\/a><p id=\"caption-attachment-1087\" class=\"wp-caption-text\">przed wyj\u015bciem na \u015bw. Katarzyn\u0119<\/p><\/div>\n<div id=\"attachment_1088\" style=\"width: 310px\" class=\"wp-caption aligncenter\"><a href=\"http:\/\/wioskisos.org\/MWM\/wp-content\/uploads\/2013\/05\/zako\u0144czenie-59-rajdu-z-prezesem-PTTK.jpg\"><img loading=\"lazy\" decoding=\"async\" aria-describedby=\"caption-attachment-1088\" class=\"size-medium wp-image-1088\" title=\"zako\u0144czenie 59 rajdu - z prezesem PTTK\" src=\"http:\/\/wioskisos.org\/MWM\/wp-content\/uploads\/2013\/05\/zako\u0144czenie-59-rajdu-z-prezesem-PTTK-300x167.jpg\" alt=\"\" width=\"300\" height=\"167\" srcset=\"http:\/\/wioskisos.org\/MWM\/wp-content\/uploads\/2013\/05\/zako\u0144czenie-59-rajdu-z-prezesem-PTTK-300x167.jpg 300w, http:\/\/wioskisos.org\/MWM\/wp-content\/uploads\/2013\/05\/zako\u0144czenie-59-rajdu-z-prezesem-PTTK.jpg 640w\" sizes=\"(max-width: 300px) 100vw, 300px\" \/><\/a><p id=\"caption-attachment-1088\" class=\"wp-caption-text\">zako\u0144czenie 59 rajdu - z prezesem PTTK<\/p><\/div>\n<div id=\"attachment_1092\" style=\"width: 310px\" class=\"wp-caption aligncenter\"><a href=\"http:\/\/wioskisos.org\/MWM\/wp-content\/uploads\/2013\/05\/mecze-siatk\u00f3wki-w-Krajno-Zag\u00f3rze1.jpg\"><img loading=\"lazy\" decoding=\"async\" aria-describedby=\"caption-attachment-1092\" class=\"size-medium wp-image-1092\" title=\"mecze siatk\u00f3wki w Krajno Zag\u00f3rze\" src=\"http:\/\/wioskisos.org\/MWM\/wp-content\/uploads\/2013\/05\/mecze-siatk\u00f3wki-w-Krajno-Zag\u00f3rze1-300x167.jpg\" alt=\"\" width=\"300\" height=\"167\" srcset=\"http:\/\/wioskisos.org\/MWM\/wp-content\/uploads\/2013\/05\/mecze-siatk\u00f3wki-w-Krajno-Zag\u00f3rze1-300x167.jpg 300w, http:\/\/wioskisos.org\/MWM\/wp-content\/uploads\/2013\/05\/mecze-siatk\u00f3wki-w-Krajno-Zag\u00f3rze1.jpg 640w\" sizes=\"(max-width: 300px) 100vw, 300px\" \/><\/a><p id=\"caption-attachment-1092\" class=\"wp-caption-text\">mecze siatk\u00f3wki w Krajno Zag\u00f3rze<\/p><\/div>\n<p>DZIE\u0143 CZWARTY RAJDU 02.05.2013<\/p>\n<p>Z Krajno Zag\u00f3rze poszli\u015bmy do Ciekot &#8211; stamt\u0105d busem do Kielc na basen, obiad i zas\u0142u\u017cony relaks.<\/p>\n<div id=\"attachment_1081\" style=\"width: 310px\" class=\"wp-caption aligncenter\"><a href=\"http:\/\/wioskisos.org\/MWM\/wp-content\/uploads\/2013\/05\/fina\u0142-w-Kielcach.jpg\"><img loading=\"lazy\" decoding=\"async\" aria-describedby=\"caption-attachment-1081\" class=\"size-medium wp-image-1081\" title=\"fina\u0142 w Kielcach\" src=\"http:\/\/wioskisos.org\/MWM\/wp-content\/uploads\/2013\/05\/fina\u0142-w-Kielcach-300x167.jpg\" alt=\"\" width=\"300\" height=\"167\" srcset=\"http:\/\/wioskisos.org\/MWM\/wp-content\/uploads\/2013\/05\/fina\u0142-w-Kielcach-300x167.jpg 300w, http:\/\/wioskisos.org\/MWM\/wp-content\/uploads\/2013\/05\/fina\u0142-w-Kielcach.jpg 640w\" sizes=\"(max-width: 300px) 100vw, 300px\" \/><\/a><p id=\"caption-attachment-1081\" class=\"wp-caption-text\">fina\u0142 w Kielcach<\/p><\/div>\n<p>&nbsp;<\/p>\n","protected":false},"excerpt":{"rendered":"<p>Komu zabrak\u0142o odwagi &#8211; niech \u017ca\u0142uje &#8211; prze\u017cyli\u015bmy koeljny raz najbardziej wyj\u0105tkow\u0105 maj\u00f3wk\u0119. Sami zobaczcie! \ud83d\ude00 POCZ\u0104TEK 28.04.2013 DZIE\u0143 PIERWSZY RAJDU 29.04.2013 DZIE\u0143\u00a0DRUGI RAJDU 30.04.2013 DZIE\u0143\u00a0TRZECI RAJDU 01.05.2013 DZIE\u0143 CZWARTY RAJDU 02.05.2013 Z Krajno Zag\u00f3rze poszli\u015bmy do Ciekot &#8211; stamt\u0105d busem do Kielc na basen, obiad i zas\u0142u\u017cony relaks. &nbsp;<\/p>\n","protected":false},"author":2,"featured_media":0,"comment_status":"open","ping_status":"open","sticky":false,"template":"","format":"standard","meta":{"footnotes":""},"categories":[1],"tags":[],"_links":{"self":[{"href":"http:\/\/wioskisos.org\/MWM\/index.php?rest_route=\/wp\/v2\/posts\/1089"}],"collection":[{"href":"http:\/\/wioskisos.org\/MWM\/index.php?rest_route=\/wp\/v2\/posts"}],"about":[{"href":"http:\/\/wioskisos.org\/MWM\/index.php?rest_route=\/wp\/v2\/types\/post"}],"author":[{"embeddable":true,"href":"http:\/\/wioskisos.org\/MWM\/index.php?rest_route=\/wp\/v2\/users\/2"}],"replies":[{"embeddable":true,"href":"http:\/\/wioskisos.org\/MWM\/index.php?rest_route=%2Fwp%2Fv2%2Fcomments&post=1089"}],"version-history":[{"count":2,"href":"http:\/\/wioskisos.org\/MWM\/index.php?rest_route=\/wp\/v2\/posts\/1089\/revisions"}],"predecessor-version":[{"id":1094,"href":"http:\/\/wioskisos.org\/MWM\/index.php?rest_route=\/wp\/v2\/posts\/1089\/revisions\/1094"}],"wp:attachment":[{"href":"http:\/\/wioskisos.org\/MWM\/index.php?rest_route=%2Fwp%2Fv2%2Fmedia&parent=1089"}],"wp:term":[{"taxonomy":"category","embeddable":true,"href":"http:\/\/wioskisos.org\/MWM\/index.php?rest_route=%2Fwp%2Fv2%2Fcategories&post=1089"},{"taxonomy":"post_tag","embeddable":true,"href":"http:\/\/wioskisos.org\/MWM\/index.php?rest_route=%2Fwp%2Fv2%2Ftags&post=1089"}],"curies":[{"name":"wp","href":"https:\/\/api.w.org\/{rel}","templated":true}]}}